{"id":5860,"date":"2019-01-25T17:21:44","date_gmt":"2019-01-25T15:21:44","guid":{"rendered":"https:\/\/centers.ulbsibiu.ro\/ccsprise\/lact\/?p=5860"},"modified":"2019-01-25T17:21:44","modified_gmt":"2019-01-25T15:21:44","slug":"gov-md-primele-incalcari-ale-regimului-zonei-de-securitate-in-anul-2019-subiect-de-discutii-in-cadrul-sedintei-comisiei-unificate-de-control","status":"publish","type":"post","link":"https:\/\/centers.ulbsibiu.ro\/ccsprise\/lact\/gov-md-primele-incalcari-ale-regimului-zonei-de-securitate-in-anul-2019-subiect-de-discutii-in-cadrul-sedintei-comisiei-unificate-de-control\/","title":{"rendered":"Gov.md &#8211; Primele \u00eenc\u0103lc\u0103ri ale regimului Zonei de Securitate \u00een anul 2019, subiect de discu\u021bii \u00een cadrul \u0219edin\u021bei Comisiei Unificate de Control"},"content":{"rendered":"<p>La \u0219edin\u021ba Comisiei Unificate de Control (CUC) din 24 ianuarie Delega\u021bia Republicii Moldova a elucidat mai multe \u00eenc\u0103lc\u0103ri grave comise \u00een perioada 18 \u2013 22 ianuarie 2019 de a\u0219a-numitele structuri de for\u021b\u0103 transnistrene \u00een or. Bender, localitate cu regim sporit de securitate. Detaliat cazurile sesizate, cu anexarea materialelor confirmative au fost expuse \u00eentr-o adresare distribuit\u0103 tuturor membrilor CUC.<\/p>\n<p>Abuzurile constatate se refer\u0103 la amplasarea unor posturi mobile de \u201egr\u0103niceri\u201d \u0219i \u201evamale\u201d la intersec\u021bia unor str\u0103zi ce separ\u0103 ora\u0219ul Bender de satul Varni\u021ba, dar \u0219i la sta\u021bia de cale ferat\u0103 Bender-2. De fiecare dat\u0103, c\u00e2nd reprezentantul militar din partea Republicii Moldova \u00een Comandamentul Militar \u00centrunit al For\u021belor Mixte de Pacificare solicit\u0103 deplasarea la fa\u021ba locului a observatorilor militari ai tuturor p\u0103r\u021bilor pentru fixarea \u00eenc\u0103lc\u0103rii \u00een modul stabilit, reprezentantul Tiraspolului tergiverseaz\u0103 inten\u021bionat acest proces, oferind posibilitate structurilor de for\u021b\u0103 transnistrene s\u0103-\u0219i retrag\u0103 \u201eposturile\u201d \u00eenainte de a fi supuse document\u0103rii de c\u0103tre toate componentele formatului de pacificare. Astfel, abuzurile, de\u0219i constatate de partea moldoveneasc\u0103, au r\u0103mas neincluse \u00een raportul s\u0103pt\u0103m\u00e2nal al Comandamentului Militar \u00centrunit. Din acest motiv, Delega\u021bia Republicii Moldova, adopt\u00e2nd o pozi\u021bie categoric\u0103, a refuzat aprobarea raportului privind situa\u021bia \u00een Zona de Securitate consider\u00e2ndu-l incomplet.<br \/>\nCu referire la incidentele men\u021bionate, reprezentantul structurilor de for\u021b\u0103 transnistrene, \u00eentr-o manier\u0103 arogant\u0103, nu a negat existen\u021ba unor astfel de posturi mobile \u0219i nu a exclus alte asemenea situa\u021bii pe viitor.<br \/>\nCazurile descrise constituie \u00eenc\u0103 o dovad\u0103 a ineficien\u021bei procedurilor actuale de monitorizare a Zonei de Securitate, fiind necesar\u0103 o \u00eembun\u0103t\u0103\u021bire a acestora, \u00eens\u0103 propunerile \u0219i cerin\u021bele formulate de partea moldoveneasc\u0103 nu au fost sus\u021binute de c\u0103tre conduc\u0103torii delega\u021biilor regiunii transnistrene \u0219i cea a Federa\u021biei Ruse.<br \/>\n\u00cen cadrul aceleia\u0219i \u0219edin\u021be, reprezentan\u021bii Misiunii OSCE \u00een Republica Moldova \u0219i ai Ucrainei delega\u021bi \u00een CUC au raportat privitor la evolu\u021biile \u00eenregistrate \u00een activitatea grupurilor de lucru.<br \/>\nTotodat\u0103, \u00een leg\u0103tur\u0103 cu scrutinul electoral stabilit pentru data de 24 februarie, delega\u021bia Republicii Moldova a \u00eenaintat un demers pentru asigurarea ordinii de drept \u00een localit\u0103\u021bile din Zona de Securitate at\u00e2t \u00een campania electoral\u0103, c\u00e2t \u0219i \u00een ziua alegerilor.<br \/>\n\u00cen alt\u0103 ordine de idei, membrii Comisiei au semnat o adresare public\u0103 c\u0103tre locuitorii Zonei de Securitate cu un mesaj de a preda benevol organelor de drept armele \u0219i muni\u021biile de\u021binute ilegal.<\/p>\n<p>Delega\u021bia Republicii Moldova \u00een Comisia Unificat\u0103 de Control<\/p>\n<p>&nbsp;<\/p>\n<p>Sursa:\u00a0<a href=\"https:\/\/gov.md\/ro\/content\/primele-incalcari-ale-regimului-zonei-de-securitate-anul-2019-subiect-de-discutii-cadrul\">https:\/\/gov.md\/<\/a><\/p>\n","protected":false},"excerpt":{"rendered":"<p>La \u0219edin\u021ba Comisiei Unificate de Control (CUC) din 24 ianuarie Delega\u021bia Republicii Moldova a elucidat mai multe \u00eenc\u0103lc\u0103ri grave comise \u00een perioada 18 \u2013 22 ianuarie 2019 de a\u0219a-numitele structuri de for\u021b\u0103 transnistrene \u00een or. Bender, localitate cu regim sporit de securitate. Detaliat cazurile sesizate, cu anexarea materialelor confirmative au fost expuse \u00eentr-o adresare distribuit\u0103&#8230;<\/p>\n","protected":false},"author":2,"featured_media":0,"comment_status":"closed","ping_status":"open","sticky":false,"template":"","format":"standard","meta":[],"categories":[1],"tags":[],"_links":{"self":[{"href":"https:\/\/centers.ulbsibiu.ro\/ccsprise\/lact\/wp-json\/wp\/v2\/posts\/5860"}],"collection":[{"href":"https:\/\/centers.ulbsibiu.ro\/ccsprise\/lact\/wp-json\/wp\/v2\/posts"}],"about":[{"href":"https:\/\/centers.ulbsibiu.ro\/ccsprise\/lact\/wp-json\/wp\/v2\/types\/post"}],"author":[{"embeddable":true,"href":"https:\/\/centers.ulbsibiu.ro\/ccsprise\/lact\/wp-json\/wp\/v2\/users\/2"}],"replies":[{"embeddable":true,"href":"https:\/\/centers.ulbsibiu.ro\/ccsprise\/lact\/wp-json\/wp\/v2\/comments?post=5860"}],"version-history":[{"count":1,"href":"https:\/\/centers.ulbsibiu.ro\/ccsprise\/lact\/wp-json\/wp\/v2\/posts\/5860\/revisions"}],"predecessor-version":[{"id":5861,"href":"https:\/\/centers.ulbsibiu.ro\/ccsprise\/lact\/wp-json\/wp\/v2\/posts\/5860\/revisions\/5861"}],"wp:attachment":[{"href":"https:\/\/centers.ulbsibiu.ro\/ccsprise\/lact\/wp-json\/wp\/v2\/media?parent=5860"}],"wp:term":[{"taxonomy":"category","embeddable":true,"href":"https:\/\/centers.ulbsibiu.ro\/ccsprise\/lact\/wp-json\/wp\/v2\/categories?post=5860"},{"taxonomy":"post_tag","embeddable":true,"href":"https:\/\/centers.ulbsibiu.ro\/ccsprise\/lact\/wp-json\/wp\/v2\/tags?post=5860"}],"curies":[{"name":"wp","href":"https:\/\/api.w.org\/{rel}","templated":true}]}}