{"id":5858,"date":"2019-01-25T17:18:21","date_gmt":"2019-01-25T15:18:21","guid":{"rendered":"https:\/\/centers.ulbsibiu.ro\/ccsprise\/lact\/?p=5858"},"modified":"2019-01-25T17:18:21","modified_gmt":"2019-01-25T15:18:21","slug":"infoprut-ro-reactia-moscovei-la-afirmatiile-lui-candu-legate-de-trupele-ruse-din-regiunea-transnistreana","status":"publish","type":"post","link":"https:\/\/centers.ulbsibiu.ro\/ccsprise\/lact\/infoprut-ro-reactia-moscovei-la-afirmatiile-lui-candu-legate-de-trupele-ruse-din-regiunea-transnistreana\/","title":{"rendered":"Infoprut.ro &#8211; Reac\u021bia Moscovei la afirma\u021biile lui Candu legate de trupele ruse din regiunea transnistrean\u0103"},"content":{"rendered":"<p>Liviu G. Stan<\/p>\n<p>Moscova calific\u0103 drept \u201eprovocare\u201d declara\u021bia pre\u0219edintelui Parlamentului, Andrian Candu, privind posibilitatea de a cere desp\u0103gubiri Rusiei pentru sta\u021bionarea ilegal\u0103 a armatei sale \u00een Republica Moldova, transmite <a href=\"http:\/\/radiochisinau.md\/reactia-moscovei-la-declaratiile-lui-andrian-candu-privind-armata-rusa-din-rmoldova---62289.html\">Radio Chi\u0219in\u0103u<\/a>.<\/p>\n<p>Secretarul de stat al Ministerului rus de Externe, Grigori Karasin, a declarat c\u0103 autorit\u0103\u021bile de la Chi\u0219in\u0103u \u0219i Tiraspol ar trebui s\u0103 continue ac\u021biunile pozitive precum deciziile protocolare semnate la sf\u00e2r\u0219itul anului trecut, potrivit RIA Novosti.<\/p>\n<p>\u00cen acela\u0219i timp, referindu-se la declara\u021biile lui Andrian Candu privind armata rus\u0103, Karasin face referire la \u201epacificatorii\u201d ru\u0219i din zona de securitate, preciz\u00e2nd c\u0103 nu au nimic \u00een comun cu militarii din Grupul Operativ al Trupelor Ruse (GOTR) \u0219i cu muni\u021biile ruse aflate \u00een st\u00e2nga Nistrului.<\/p>\n<p>Oficialul rus a ad\u0103ugat c\u0103 astfel de chestiuni\u00a0<em>\u201ese rezolv\u0103 nu de la tribune cu declara\u021bii tari, dar prin lucru bine g\u00e2ndit pentru a ob\u021bine rezultate\u00a0 \u00een reglementarea transnistrean\u0103 acceptate de ambele p\u0103r\u021bi\u201d.<\/em><\/p>\n<p>Andrian Candu a declarat \u00eentr-un interviu pentru publica\u021bia leton\u0103 Latvijas Avize c\u0103 trupele militare ruse aflate ilegal \u00een st\u00e2nga Nistrului sunt for\u021be de ocupa\u021bie \u0219i c\u0103 Rusia a \u00eenc\u0103lcat legisla\u021bia interna\u021bional\u0103.<\/p>\n<p>El a ar\u0103tat c\u0103 autorit\u0103\u021bile se g\u00e2ndesc s\u0103 angajeze o companie interna\u021bional\u0103 de avocatur\u0103 pentru a calcula pierderile provocate de prezen\u021ba rus\u0103 \u00een regiunea transnistrean\u0103 timp de 25 de ani \u0219i care ar putea s\u0103 se ridice la miliarde de dolari.<\/p>\n<p>Sursa:\u00a0<a href=\"http:\/\/infoprut.ro\/49080-reactia-moscovei-la-afirmatiile-lui-candu-legate-de-trupele-ruse-din-regiunea-transnistreana.html\">http:\/\/infoprut.ro\/<\/a><\/p>\n","protected":false},"excerpt":{"rendered":"<p>Liviu G. Stan Moscova calific\u0103 drept \u201eprovocare\u201d declara\u021bia pre\u0219edintelui Parlamentului, Andrian Candu, privind posibilitatea de a cere desp\u0103gubiri Rusiei pentru sta\u021bionarea ilegal\u0103 a armatei sale \u00een Republica Moldova, transmite Radio Chi\u0219in\u0103u. Secretarul de stat al Ministerului rus de Externe, Grigori Karasin, a declarat c\u0103 autorit\u0103\u021bile de la Chi\u0219in\u0103u \u0219i Tiraspol ar trebui s\u0103 continue ac\u021biunile&#8230;<\/p>\n","protected":false},"author":2,"featured_media":0,"comment_status":"closed","ping_status":"open","sticky":false,"template":"","format":"standard","meta":[],"categories":[1],"tags":[],"_links":{"self":[{"href":"https:\/\/centers.ulbsibiu.ro\/ccsprise\/lact\/wp-json\/wp\/v2\/posts\/5858"}],"collection":[{"href":"https:\/\/centers.ulbsibiu.ro\/ccsprise\/lact\/wp-json\/wp\/v2\/posts"}],"about":[{"href":"https:\/\/centers.ulbsibiu.ro\/ccsprise\/lact\/wp-json\/wp\/v2\/types\/post"}],"author":[{"embeddable":true,"href":"https:\/\/centers.ulbsibiu.ro\/ccsprise\/lact\/wp-json\/wp\/v2\/users\/2"}],"replies":[{"embeddable":true,"href":"https:\/\/centers.ulbsibiu.ro\/ccsprise\/lact\/wp-json\/wp\/v2\/comments?post=5858"}],"version-history":[{"count":1,"href":"https:\/\/centers.ulbsibiu.ro\/ccsprise\/lact\/wp-json\/wp\/v2\/posts\/5858\/revisions"}],"predecessor-version":[{"id":5859,"href":"https:\/\/centers.ulbsibiu.ro\/ccsprise\/lact\/wp-json\/wp\/v2\/posts\/5858\/revisions\/5859"}],"wp:attachment":[{"href":"https:\/\/centers.ulbsibiu.ro\/ccsprise\/lact\/wp-json\/wp\/v2\/media?parent=5858"}],"wp:term":[{"taxonomy":"category","embeddable":true,"href":"https:\/\/centers.ulbsibiu.ro\/ccsprise\/lact\/wp-json\/wp\/v2\/categories?post=5858"},{"taxonomy":"post_tag","embeddable":true,"href":"https:\/\/centers.ulbsibiu.ro\/ccsprise\/lact\/wp-json\/wp\/v2\/tags?post=5858"}],"curies":[{"name":"wp","href":"https:\/\/api.w.org\/{rel}","templated":true}]}}