{"id":5854,"date":"2019-01-25T17:09:44","date_gmt":"2019-01-25T15:09:44","guid":{"rendered":"https:\/\/centers.ulbsibiu.ro\/ccsprise\/lact\/?p=5854"},"modified":"2019-01-25T17:09:44","modified_gmt":"2019-01-25T15:09:44","slug":"gov-md-intrevederea-cu-reprezentantii-programului-natiunilor-unite-pentru-dezvoltare-in-moldova","status":"publish","type":"post","link":"https:\/\/centers.ulbsibiu.ro\/ccsprise\/lact\/gov-md-intrevederea-cu-reprezentantii-programului-natiunilor-unite-pentru-dezvoltare-in-moldova\/","title":{"rendered":"Gov.md &#8211; \u00centrevederea cu reprezentan\u021bii Programului Na\u021biunilor Unite pentru Dezvoltare \u00een Moldova"},"content":{"rendered":"<p>Ast\u0103zi, 24 ianuarie 2019, \u0219eful Biroului politici de reintegrare, domnul Marian Gherman, a avut o \u00eentrevedere cu reprezentan\u021bii Programului Na\u021biunilor Unite pentru Dezvoltare \u00een Moldova (PNUD).<br \/>\nDiscu\u021biile s-au axat pe marginea demar\u0103rii procesului de implementare a celei de-a V-a etape a Programului Uniunii Europene cu genericul ,,M\u0103surile de Promovare a \u00cencrederii\u201d, care se va realiza \u00een perioada anilor 2019-2021 \u0219i care se va concentra pe sus\u021binerea activit\u0103\u021bilor comune ce vor contribui la consolidarea \u00eencrederii \u00eentre locuitorii de pe ambele maluri ale r.Nistru \u00een urm\u0103toarele domenii sectoriale:<br \/>\n1. Dezvoltarea afacerilor \u0219i al antreprenorialului.<br \/>\n2. Dezvoltarea comunit\u0103\u021bilor \u0219i colaborarea ONG-urilor \u00een cadrul platformelor tematice.<br \/>\n3. Conservarea patrimoniului cultural \u0219i istoric.<br \/>\n4. Modernizarea sectorului de s\u0103n\u0103tate.<br \/>\n5. Elaborarea con\u021binutului media local.<br \/>\nReprezentan\u021bii PNUD au f\u0103cut o introducere \u00een descrierea programului, obiectivelor urm\u0103rite \u0219i a rezultatelor scontate, cu eviden\u021bierea unor proiecte de succes ce au fost implementate \u00een cadrul programelor anterioare (de ex.: organizarea \u0219colii de \u0219ah \u00eentre or. R\u00e2bni\u021ba \u0219i Rezina, conectarea ONG-urilor de pe ambele maluri ale Nistrului etc.).<br \/>\nLa r\u00e2ndul s\u0103u, \u0219eful Biroului a salutat inten\u021bia PNUD \u0219i a UE de a asigura o continuitate \u00een promovarea programelor axate pe intensificarea interac\u021biunii \u00eentre maluri, relev\u00e2nd totodat\u0103 necesitatea dezvolt\u0103rii colabor\u0103rii cu Biroul \u00een calitate de partener, cu informarea periodic\u0103 despre proiectele aflate \u00een derulare, beneficiarii \u0219i impactul major al acestora, coordonarea ini\u021biativelor eligibile \u00een cadrul programului \u0219i aducerea acestora \u00een spiritul obiectivului guvernamental de reintegrare a \u021b\u0103rii, furnizarea datelor relevante despre proiectele realizate \u0219i men\u021binerea unei comunic\u0103ri permanente la nivelul persoanelor de contact determinate.<br \/>\nDe asemenea, dl Marian Gherman a reiterat ca fiind prioritar\u0103 necesitatea finaliz\u0103rii \u0219i finan\u021b\u0103rii \u00een anul curent a lucr\u0103rilor de expertizare tehnic\u0103 \u0219i de renovare a infrastructurii podului dintre localit\u0103\u021bile Gura B\u00e2cului \u0219i B\u00e2cioc, enun\u021b\u00e2nd c\u0103 mizeaz\u0103 \u0219i \u00een continuare pe sprijinul UE \u0219i PNUD \u00een acest sens.<\/p>\n<p>Sursa:\u00a0<a href=\"https:\/\/gov.md\/ro\/content\/intrevederea-cu-reprezentantii-programului-natiunilor-unite-pentru-dezvoltare-moldova\">https:\/\/gov.md\/<\/a><\/p>\n","protected":false},"excerpt":{"rendered":"<p>Ast\u0103zi, 24 ianuarie 2019, \u0219eful Biroului politici de reintegrare, domnul Marian Gherman, a avut o \u00eentrevedere cu reprezentan\u021bii Programului Na\u021biunilor Unite pentru Dezvoltare \u00een Moldova (PNUD). Discu\u021biile s-au axat pe marginea demar\u0103rii procesului de implementare a celei de-a V-a etape a Programului Uniunii Europene cu genericul ,,M\u0103surile de Promovare a \u00cencrederii\u201d, care se va realiza&#8230;<\/p>\n","protected":false},"author":2,"featured_media":0,"comment_status":"closed","ping_status":"open","sticky":false,"template":"","format":"standard","meta":[],"categories":[1],"tags":[],"_links":{"self":[{"href":"https:\/\/centers.ulbsibiu.ro\/ccsprise\/lact\/wp-json\/wp\/v2\/posts\/5854"}],"collection":[{"href":"https:\/\/centers.ulbsibiu.ro\/ccsprise\/lact\/wp-json\/wp\/v2\/posts"}],"about":[{"href":"https:\/\/centers.ulbsibiu.ro\/ccsprise\/lact\/wp-json\/wp\/v2\/types\/post"}],"author":[{"embeddable":true,"href":"https:\/\/centers.ulbsibiu.ro\/ccsprise\/lact\/wp-json\/wp\/v2\/users\/2"}],"replies":[{"embeddable":true,"href":"https:\/\/centers.ulbsibiu.ro\/ccsprise\/lact\/wp-json\/wp\/v2\/comments?post=5854"}],"version-history":[{"count":1,"href":"https:\/\/centers.ulbsibiu.ro\/ccsprise\/lact\/wp-json\/wp\/v2\/posts\/5854\/revisions"}],"predecessor-version":[{"id":5855,"href":"https:\/\/centers.ulbsibiu.ro\/ccsprise\/lact\/wp-json\/wp\/v2\/posts\/5854\/revisions\/5855"}],"wp:attachment":[{"href":"https:\/\/centers.ulbsibiu.ro\/ccsprise\/lact\/wp-json\/wp\/v2\/media?parent=5854"}],"wp:term":[{"taxonomy":"category","embeddable":true,"href":"https:\/\/centers.ulbsibiu.ro\/ccsprise\/lact\/wp-json\/wp\/v2\/categories?post=5854"},{"taxonomy":"post_tag","embeddable":true,"href":"https:\/\/centers.ulbsibiu.ro\/ccsprise\/lact\/wp-json\/wp\/v2\/tags?post=5854"}],"curies":[{"name":"wp","href":"https:\/\/api.w.org\/{rel}","templated":true}]}}