{"id":5850,"date":"2019-01-23T20:46:58","date_gmt":"2019-01-23T18:46:58","guid":{"rendered":"https:\/\/centers.ulbsibiu.ro\/ccsprise\/lact\/?p=5850"},"modified":"2019-01-23T20:46:58","modified_gmt":"2019-01-23T18:46:58","slug":"noi-md-despre-ce-au-discutat-la-moscova-krasnoselski-si-kozak","status":"publish","type":"post","link":"https:\/\/centers.ulbsibiu.ro\/ccsprise\/lact\/noi-md-despre-ce-au-discutat-la-moscova-krasnoselski-si-kozak\/","title":{"rendered":"Noi.md &#8211; Despre ce au discutat, la Moscova, Krasnoselski \u0219i Kozak?"},"content":{"rendered":"<p>\u00cen cadrul vizitei de lucru la Moscova, pre\u0219edintele RMN nerecunoscute, Vadim Krasnoselski, a avut o \u00eentrevedere cu vicepremierul Federa\u021biei Ruse, Reprezentantul Special al Pre\u0219edintelui Federa\u021biei Ruse pentru Rela\u021bii comercial-economice cu Republica Moldova, Dmitri Kozak, transmite Noi.md.<\/p>\n<p>Potrivit serviciului de pres\u0103 al liderului transnistrean, interlocutorii au discutat un spectru larg de probleme de actualitate. O aten\u021bie deosebit\u0103 a fost acordat\u0103 deschiderii Reprezentan\u021bei oficiale a Republicii Moldovene\u015fti Nistrene la Moscova.<\/p>\n<p>Vadim Krasnoselski a vorbit despre scopurile, obiectivele, func\u021bionalitatea, priorit\u0103\u021bile \u0219i planurile de lucru pe termen lung ale noii institu\u021bii diplomatice a Transnistriei. Participan\u021bii la \u00eentrevedere au fost unanimi \u00een opinia potrivit c\u0103reia Reprezentan\u0163a este un element important \u00een implementarea practic\u0103 a obiectivelor politicii externe pe direc\u021bia strategic\u0103 de cooperare cu Federa\u021bia Rus\u0103.<\/p>\n<p>Reprezentan\u0163a oficial\u0103 a RMN nerecunoscute a fost deschis\u0103 la MoscovaLiderul transnistrean a mul\u021bumit \u00een mod special conducerii Federa\u021biei Ruse pentru sprijinirea opera\u021biunii de men\u021binere a p\u0103cii pe Nistru, care, timp de 27 de ani, a asigur\u0103 pacea \u0219i securitatea, cre\u00eend condi\u021biile necesare pentru un dialog pa\u0219nic \u00eentre p\u0103r\u021bi.<\/p>\n<p>\u00cen timpul discu\u0163iei de lucru, o aten\u0163ie deosebit\u0103 a fost acordat\u0103 situa\u021biei din procesul de negocieri. Printre priorit\u0103\u021bile din cadrul agendei actuale a dialogului se num\u0103r\u0103 necesitatea de a stabili cooperarea interbancar\u0103.<\/p>\n<p>La \u00eentrevedere, s-au discutat, de asemenea, \u015fi alte subiecte de importan\u0163\u0103 pentru consolidarea \u0219i dezvoltarea rela\u021biilor ruso-transnistrene. Interlocutorii au apreciat contactele bilaterale ca fiind productive. Ei au fost de acord s\u0103 continue cooperarea constructiv\u0103. Vadim Krasnoselski \u0219i-a exprimat recuno\u0219tin\u021ba fa\u021b\u0103 de Dmitri Kozak \u0219i, \u00een persoana sa, conducerii \u0219i poporului Federa\u021biei Ruse pentru aten\u021bia \u0219i sprijinul continuu oferit Transnistriei.<\/p>\n<p>Cite\u0219te mai mult: <a href=\"https:\/\/noi.md\/md\/transnistria\/despre-ce-au-discutat-la-moscova-krasnoselski-si-kozak\">https:\/\/noi.md\/md\/transnistria\/despre-ce-au-discutat-la-moscova-krasnoselski-si-kozak<\/a><br \/>\nFacebook: <a href=\"https:\/\/www.facebook.com\/NOI.md\/\">NOI.md<\/a> | Odnoklassniki: <a href=\"https:\/\/www.ok.ru\/noi.moldova\">Noi.Moldova<\/a><\/p>\n","protected":false},"excerpt":{"rendered":"<p>\u00cen cadrul vizitei de lucru la Moscova, pre\u0219edintele RMN nerecunoscute, Vadim Krasnoselski, a avut o \u00eentrevedere cu vicepremierul Federa\u021biei Ruse, Reprezentantul Special al Pre\u0219edintelui Federa\u021biei Ruse pentru Rela\u021bii comercial-economice cu Republica Moldova, Dmitri Kozak, transmite Noi.md. Potrivit serviciului de pres\u0103 al liderului transnistrean, interlocutorii au discutat un spectru larg de probleme de actualitate. O aten\u021bie&#8230;<\/p>\n","protected":false},"author":2,"featured_media":0,"comment_status":"closed","ping_status":"open","sticky":false,"template":"","format":"standard","meta":[],"categories":[1],"tags":[],"_links":{"self":[{"href":"https:\/\/centers.ulbsibiu.ro\/ccsprise\/lact\/wp-json\/wp\/v2\/posts\/5850"}],"collection":[{"href":"https:\/\/centers.ulbsibiu.ro\/ccsprise\/lact\/wp-json\/wp\/v2\/posts"}],"about":[{"href":"https:\/\/centers.ulbsibiu.ro\/ccsprise\/lact\/wp-json\/wp\/v2\/types\/post"}],"author":[{"embeddable":true,"href":"https:\/\/centers.ulbsibiu.ro\/ccsprise\/lact\/wp-json\/wp\/v2\/users\/2"}],"replies":[{"embeddable":true,"href":"https:\/\/centers.ulbsibiu.ro\/ccsprise\/lact\/wp-json\/wp\/v2\/comments?post=5850"}],"version-history":[{"count":1,"href":"https:\/\/centers.ulbsibiu.ro\/ccsprise\/lact\/wp-json\/wp\/v2\/posts\/5850\/revisions"}],"predecessor-version":[{"id":5851,"href":"https:\/\/centers.ulbsibiu.ro\/ccsprise\/lact\/wp-json\/wp\/v2\/posts\/5850\/revisions\/5851"}],"wp:attachment":[{"href":"https:\/\/centers.ulbsibiu.ro\/ccsprise\/lact\/wp-json\/wp\/v2\/media?parent=5850"}],"wp:term":[{"taxonomy":"category","embeddable":true,"href":"https:\/\/centers.ulbsibiu.ro\/ccsprise\/lact\/wp-json\/wp\/v2\/categories?post=5850"},{"taxonomy":"post_tag","embeddable":true,"href":"https:\/\/centers.ulbsibiu.ro\/ccsprise\/lact\/wp-json\/wp\/v2\/tags?post=5850"}],"curies":[{"name":"wp","href":"https:\/\/api.w.org\/{rel}","templated":true}]}}