{"id":5848,"date":"2019-01-22T19:15:58","date_gmt":"2019-01-22T17:15:58","guid":{"rendered":"https:\/\/centers.ulbsibiu.ro\/ccsprise\/lact\/?p=5848"},"modified":"2019-01-22T19:15:58","modified_gmt":"2019-01-22T17:15:58","slug":"deschide-md-moscova-sfideaza-chisinaul-in-capitala-rusa-a-fost-deschisa-o-reprezentanta-a-tiraspolului","status":"publish","type":"post","link":"https:\/\/centers.ulbsibiu.ro\/ccsprise\/lact\/deschide-md-moscova-sfideaza-chisinaul-in-capitala-rusa-a-fost-deschisa-o-reprezentanta-a-tiraspolului\/","title":{"rendered":"Deschide.md &#8211; Moscova sfideaz\u0103 Chi\u0219in\u0103ul. \u00cen capitala rus\u0103 a fost deschis\u0103 o reprezentan\u021b\u0103 a Tiraspolului"},"content":{"rendered":"<p>La Moscova a fost deschis\u0103 Funda\u021bia socio-cultural\u0103 \u201eTransnistria\u201d pe care presa \u0219i a\u0219a-numitele autorit\u0103\u021bi de la Tiraspol o anun\u021b\u0103 ca pe o reprezentan\u021b\u0103 a enclavei separatiste \u00een capitala Rusiei.<br \/>\nLa evenimentul de deschidere a participat liderul separatist de la Tiraspol, Vadim Krasnoselski, pretinsul ministru de Externe transnistrean, Vitalii Ignatiev, deputa\u021bi din Duma de Stat de la Moscova, reprezentan\u021bi ai republicilor separatiste Abhazia, Osetia \u0219i Nagorno-Karabah.<br \/>\nLiderul separatist de la Tiraspol, Vadim Krasnoselski, a declarat c\u0103 noua entitate corespunde pozi\u021biei exprimate \u00een pretinsul referendum din 2006. Krasnoselski nu a uitat s\u0103 aminteasc\u0103 \u0219i de Strategia 2019-2026 elaborate de aparatul separatist pe care \u00eel conduce.<br \/>\n\u201eAcest Centru va deveni un instrument practic de realizare a unor p\u0103r\u021bi din Strategia 2019-2026. Acolo, noi am stipulat c\u0103 pozi\u021bionarea interna\u021bional\u0103 a Transnistriei depinde de calitatea rela\u021biilor noastre externe\u201d, a spus Krasnoselski.<br \/>\nLiderul separatist l-a l\u0103udat \u0219i pe cel care urmeaz\u0103 s\u0103 conduc\u0103 aceast\u0103 organiza\u021bie, Leonid Manakov, care \u00een anii 90 a ocupat func\u021bii de conducere \u00een cadrul pretinsului Minister de Interne de la Tiraspol.<br \/>\nOficiul Funda\u021biei se afl\u0103 pe strada Povarskaya 11 aflat\u0103 \u00een centrul Moscovei. Ministerul de Externe de la Moscova a confirmat deschiderea unei funda\u021bii de cooperare ruso-transnistrean\u0103 care se va numi &#8211; Funda\u021bia socio-cultural\u0103 \u201eTransnistria\u201d. P\u00e2n\u0103 acum, pretinsele autorit\u0103\u021bi din regiunea saparatist\u0103 Transnistria vorbeau despre o reprezentan\u021b\u0103 special\u0103 a Tiraspolului la Moscova cu atribu\u021bii de ambasad\u0103.<\/p>\n<p>Sursa:\u00a0<a href=\"https:\/\/deschide.md\/ro\/stiri\/externe\/43112\/Moscova-sfideaz\u0103-Chi\u0219in\u0103ul-\u00cen-capitala-rus\u0103-a-fost-deschis\u0103-o-reprezentan\u021b\u0103-a-Tiraspolului.htm\">https:\/\/deschide.md\/<\/a><\/p>\n","protected":false},"excerpt":{"rendered":"<p>La Moscova a fost deschis\u0103 Funda\u021bia socio-cultural\u0103 \u201eTransnistria\u201d pe care presa \u0219i a\u0219a-numitele autorit\u0103\u021bi de la Tiraspol o anun\u021b\u0103 ca pe o reprezentan\u021b\u0103 a enclavei separatiste \u00een capitala Rusiei. La evenimentul de deschidere a participat liderul separatist de la Tiraspol, Vadim Krasnoselski, pretinsul ministru de Externe transnistrean, Vitalii Ignatiev, deputa\u021bi din Duma de Stat de&#8230;<\/p>\n","protected":false},"author":2,"featured_media":0,"comment_status":"closed","ping_status":"open","sticky":false,"template":"","format":"standard","meta":[],"categories":[1],"tags":[],"_links":{"self":[{"href":"https:\/\/centers.ulbsibiu.ro\/ccsprise\/lact\/wp-json\/wp\/v2\/posts\/5848"}],"collection":[{"href":"https:\/\/centers.ulbsibiu.ro\/ccsprise\/lact\/wp-json\/wp\/v2\/posts"}],"about":[{"href":"https:\/\/centers.ulbsibiu.ro\/ccsprise\/lact\/wp-json\/wp\/v2\/types\/post"}],"author":[{"embeddable":true,"href":"https:\/\/centers.ulbsibiu.ro\/ccsprise\/lact\/wp-json\/wp\/v2\/users\/2"}],"replies":[{"embeddable":true,"href":"https:\/\/centers.ulbsibiu.ro\/ccsprise\/lact\/wp-json\/wp\/v2\/comments?post=5848"}],"version-history":[{"count":1,"href":"https:\/\/centers.ulbsibiu.ro\/ccsprise\/lact\/wp-json\/wp\/v2\/posts\/5848\/revisions"}],"predecessor-version":[{"id":5849,"href":"https:\/\/centers.ulbsibiu.ro\/ccsprise\/lact\/wp-json\/wp\/v2\/posts\/5848\/revisions\/5849"}],"wp:attachment":[{"href":"https:\/\/centers.ulbsibiu.ro\/ccsprise\/lact\/wp-json\/wp\/v2\/media?parent=5848"}],"wp:term":[{"taxonomy":"category","embeddable":true,"href":"https:\/\/centers.ulbsibiu.ro\/ccsprise\/lact\/wp-json\/wp\/v2\/categories?post=5848"},{"taxonomy":"post_tag","embeddable":true,"href":"https:\/\/centers.ulbsibiu.ro\/ccsprise\/lact\/wp-json\/wp\/v2\/tags?post=5848"}],"curies":[{"name":"wp","href":"https:\/\/api.w.org\/{rel}","templated":true}]}}