{"id":5846,"date":"2019-01-22T19:14:10","date_gmt":"2019-01-22T17:14:10","guid":{"rendered":"https:\/\/centers.ulbsibiu.ro\/ccsprise\/lact\/?p=5846"},"modified":"2019-01-22T19:14:10","modified_gmt":"2019-01-22T17:14:10","slug":"infotag-md-liderul-transnistrean-a-inaugurat-la-moscova-reprezentanta-oficiala-a-rmn-in-rusia","status":"publish","type":"post","link":"https:\/\/centers.ulbsibiu.ro\/ccsprise\/lact\/infotag-md-liderul-transnistrean-a-inaugurat-la-moscova-reprezentanta-oficiala-a-rmn-in-rusia\/","title":{"rendered":"Infotag.md &#8211; LIDERUL TRANSNISTREAN A INAUGURAT LA MOSCOVA \u201eREPREZENTAN\u0162A OFICIAL\u0102 A RMN \u00ceN RUSIA\u201d"},"content":{"rendered":"<p>Mar\u0163i, \u00een centrul Moscovei a fost deschis\u0103 \u201eReprezentan\u0163a oficial\u0103 a Republicii moldovene\u015fti Nistrene \u00een Federa\u0163ia Rus\u0103\u201d. Aceasta a fost inaugurat\u0103 personal de liderul regiunii, Vadim Krasnoselski. La ceremonie au participat politicieni ru\u0219i, parlamentari \u0219i personalit\u0103\u021bi publice, reprezentan\u021bi ai ambasadelor din Abhazia, Osetia de Sud \u0219i Nagorno-Karabah, transnistreni care locuiesc \u00een Federa\u021bia Rus\u0103.<br \/>\nPotrivit agen\u0163iei INFOTAG cu referire la site-ul liderului de la Tiraspol, reprezentan\u0163a \u201eare statut de institu\u021bie str\u0103in\u0103 a Transnistriei, fiind o unitate structural\u0103 a sistemului de organisme al serviciului diplomatic al RMN\u201d, de\u0219i formal este \u00eenregistrat\u0103 \u00een Federa\u021bia Rus\u0103 ca un ONG \u2013 Funda\u021bia pentru dezvoltarea rela\u0163iilor sociale \u0219i culturale \u201eTransnistria\u201d.<br \/>\nNoua organiza\u0163ie se va ocupa, conform statutului, de \u201estabilirea rela\u021biilor socio-culturale \u015fi socio-economice; de men\u021binerea contactelor directe la Moscova, de interac\u021biunea cu organiza\u021biile ob\u015fte\u015fti; de men\u0163inerea \u0219i dezvoltarea culturii popoarelor Transnistriei \u0219i de integrarea \u0219i integrarea acesteia \u00een culturile rus\u0103 \u0219i mondial\u0103 \u0219i, \u00een acest scop, dar \u015fi de crearea unor publica\u021bii \u0219i organizarea expozi\u021biilor\u201d.<br \/>\n\u00cen acela\u0219i timp, important\u0103 este \u015fi componenta diplomatic\u0103 a activit\u0103\u021bii, precum \u0219i func\u021biile legate de extinderea rela\u021biilor comerciale, economice \u0219i financiare, promovarea m\u0103rfurilor \u0219i serviciilor transnistrene pe pia\u021ba interna\u021bional\u0103.<br \/>\n\u00cen afar\u0103 de personalul institu\u021biei, \u00eent\u00e2lnirile \u0219i evenimentele oficiale, inclusiv primirea cet\u0103\u021benilor pe aceast\u0103 platform\u0103 vor fi desf\u0103\u015furate \u00een timpul vizitelor de lucru la Moscova de c\u0103tre pre\u0219edintele Transnistriei, \u0219eful MAE, reprezentan\u021bi ai puterilor executiv\u0103 \u0219i legislativ\u0103.<br \/>\nKrasnoselski l-a prezentat pe \u0219eful reprezentan\u0163ei, vicepre\u0219edintele Ghildei avoca\u0163ilor ru\u015fi, Leonid Manakov, \u00een v\u00e2rst\u0103 de 73 de ani. La mijlocul anilor 1990, el a fost \u015feful Direc\u0163iei mili\u0163iei criminale transnistrene, precum \u0219i a ocupat func\u0163ia de prim-viceministru al afacerilor interne al regiunii.<br \/>\nManakov a mul\u0163umit pentru cinstea acordat\u0103, numind deschiderea reprezentan\u0163i \u201eun eveniment important pentru \u00eentregul popor transnistrean\u201d, \u0219i a promis \u201es\u0103 depun\u0103 toate eforturile pentru o munc\u0103 productiv\u0103 \u0219i pentru implementarea calitativ\u0103 a sarcinilor stabilite de conducerea \u021b\u0103rii\u201d.<br \/>\nDup\u0103 cum a informat anterior agen\u021bia INFOTAG, \u00een ajun, Ministerul rus de Externe a declarat c\u0103 deschiderea reprezentan\u0163ei autoproclamatei RMN la Moscova \u201enu schimb\u0103 pozi\u021bia principial\u0103 a Federa\u021biei Ruse \u00een privin\u0163a reglement\u0103rii transnistrene\u201d.<\/p>\n<p>Sursa:\u00a0<a href=\"http:\/\/www.infotag.md\/rebelion-ro\/271522\/\">http:\/\/www.infotag.md\/<\/a><\/p>\n","protected":false},"excerpt":{"rendered":"<p>Mar\u0163i, \u00een centrul Moscovei a fost deschis\u0103 \u201eReprezentan\u0163a oficial\u0103 a Republicii moldovene\u015fti Nistrene \u00een Federa\u0163ia Rus\u0103\u201d. Aceasta a fost inaugurat\u0103 personal de liderul regiunii, Vadim Krasnoselski. La ceremonie au participat politicieni ru\u0219i, parlamentari \u0219i personalit\u0103\u021bi publice, reprezentan\u021bi ai ambasadelor din Abhazia, Osetia de Sud \u0219i Nagorno-Karabah, transnistreni care locuiesc \u00een Federa\u021bia Rus\u0103. Potrivit agen\u0163iei INFOTAG&#8230;<\/p>\n","protected":false},"author":2,"featured_media":0,"comment_status":"closed","ping_status":"open","sticky":false,"template":"","format":"standard","meta":[],"categories":[1],"tags":[],"_links":{"self":[{"href":"https:\/\/centers.ulbsibiu.ro\/ccsprise\/lact\/wp-json\/wp\/v2\/posts\/5846"}],"collection":[{"href":"https:\/\/centers.ulbsibiu.ro\/ccsprise\/lact\/wp-json\/wp\/v2\/posts"}],"about":[{"href":"https:\/\/centers.ulbsibiu.ro\/ccsprise\/lact\/wp-json\/wp\/v2\/types\/post"}],"author":[{"embeddable":true,"href":"https:\/\/centers.ulbsibiu.ro\/ccsprise\/lact\/wp-json\/wp\/v2\/users\/2"}],"replies":[{"embeddable":true,"href":"https:\/\/centers.ulbsibiu.ro\/ccsprise\/lact\/wp-json\/wp\/v2\/comments?post=5846"}],"version-history":[{"count":1,"href":"https:\/\/centers.ulbsibiu.ro\/ccsprise\/lact\/wp-json\/wp\/v2\/posts\/5846\/revisions"}],"predecessor-version":[{"id":5847,"href":"https:\/\/centers.ulbsibiu.ro\/ccsprise\/lact\/wp-json\/wp\/v2\/posts\/5846\/revisions\/5847"}],"wp:attachment":[{"href":"https:\/\/centers.ulbsibiu.ro\/ccsprise\/lact\/wp-json\/wp\/v2\/media?parent=5846"}],"wp:term":[{"taxonomy":"category","embeddable":true,"href":"https:\/\/centers.ulbsibiu.ro\/ccsprise\/lact\/wp-json\/wp\/v2\/categories?post=5846"},{"taxonomy":"post_tag","embeddable":true,"href":"https:\/\/centers.ulbsibiu.ro\/ccsprise\/lact\/wp-json\/wp\/v2\/tags?post=5846"}],"curies":[{"name":"wp","href":"https:\/\/api.w.org\/{rel}","templated":true}]}}