{"id":5844,"date":"2019-01-22T19:04:17","date_gmt":"2019-01-22T17:04:17","guid":{"rendered":"https:\/\/centers.ulbsibiu.ro\/ccsprise\/lact\/?p=5844"},"modified":"2019-01-22T19:04:17","modified_gmt":"2019-01-22T17:04:17","slug":"gov-md-biroul-politici-de-reintegrare-in-comun-cu-serviciul-vamal-atentioneaza-importatorii-de-bunuri-marfuri-si-prestatorii-de-servicii-din-regiunea-transnistreana","status":"publish","type":"post","link":"https:\/\/centers.ulbsibiu.ro\/ccsprise\/lact\/gov-md-biroul-politici-de-reintegrare-in-comun-cu-serviciul-vamal-atentioneaza-importatorii-de-bunuri-marfuri-si-prestatorii-de-servicii-din-regiunea-transnistreana\/","title":{"rendered":"Gov.md &#8211; Biroul politici de reintegrare \u00een comun cu Serviciul Vamal aten\u021bioneaz\u0103 importatorii de bunuri, m\u0103rfuri \u0219i prestatorii de servicii din regiunea transnistrean\u0103"},"content":{"rendered":"<p class=\"tt\">Din 1 februarie 2019, va intra \u00een vigoare procedura stabilit\u0103 de punctul 2<sup>1 <\/sup>al Hot\u0103r\u00e2rii Guvernului nr. 960\/2017 pentru punerea \u00een aplicare a Legii nr.109\/2017 privind unele m\u0103suri\u00a0de control la trecerea frontierei, de control vamal \u015fi privind asigurarea regimului fiscal \u00een cadrul controlului comun la unele puncte de trecere a frontierei de stat moldo-ucrainene.<\/p>\n<p class=\"tt\">Astfel, \u00eencep\u00e2nd cu 1 februarie curent, medicamentele (grupa tarifar\u0103 3003-3004), produsele farmaceutice \u015fi parafarmaceutice, materia prim\u0103 medicamentoas\u0103, produsele de uz fitosanitar \u015fi fertilizan\u0163i vor fi importate \u00a0\u00een raioanele de est ale Republicii Moldova doar de c\u0103tre agen\u021bii economici din aceast\u0103 zon\u0103 \u00eenregistra\u021bi la Agen\u021bia Servicii Publice a Republicii Moldova.<\/p>\n<p class=\"tt\">P\u00e2n\u0103 \u00een prezent fiind \u00eenregistra\u021bi doar \u0219apte agen\u021bi economici cu dreptul de import a produselor farmaceutice \u015fi parafarmaceutice \u0219i materie prim\u0103 medicamentoas\u0103 pentru localit\u0103\u021bile din st\u00e2nga Nistrului.<\/p>\n<p class=\"tt\">Procedurile de import sus-men\u021bionate vor fi realizate \u00een corespundere cu standardele stabilite de Serviciul Vamal, iar m\u0103rfurile importate vor r\u0103m\u00e2ne doar pe teritoriul regiunii transnistrene.<\/p>\n<p class=\"tt\">Preciz\u0103m c\u0103, aceast\u0103 ac\u021biune este prima etap\u0103 a procesului de unificare a importului de produse farmaceutice \u015fi parafarmaceutice, materie prim\u0103 medicamentoas\u0103, produse \u00a0de uz fitosanitar \u015fi fertilizan\u0163i, \u00een corespundere cu legisla\u021bia Republicii Moldova \u0219i standardele interna\u021bionale, care va dura p\u00e2n\u0103 la 01 iulie 2019, dat\u0103 la care va fi ini\u021biat\u0103 urm\u0103toarea etap\u0103 a acestui proces.<\/p>\n<p class=\"tt\">Recomand\u0103m importatorilor de bunuri, m\u0103rfuri \u0219i prestatorilor de servicii, care traverseaz\u0103 frontiera de stat a Republicii Moldova, prin segmentul central, s\u0103 se conformeze cadrului normativ al Republicii Moldova, pentru evitarea \u00eenc\u0103lc\u0103rilor.<\/p>\n<p>Sursa:\u00a0<a href=\"https:\/\/gov.md\/ro\/content\/biroul-politici-de-reintegrare-comun-cu-serviciul-vamal-atentioneaza-importatorii-de-bunuri\">https:\/\/gov.md\/<\/a><\/p>\n","protected":false},"excerpt":{"rendered":"<p>Din 1 februarie 2019, va intra \u00een vigoare procedura stabilit\u0103 de punctul 21 al Hot\u0103r\u00e2rii Guvernului nr. 960\/2017 pentru punerea \u00een aplicare a Legii nr.109\/2017 privind unele m\u0103suri\u00a0de control la trecerea frontierei, de control vamal \u015fi privind asigurarea regimului fiscal \u00een cadrul controlului comun la unele puncte de trecere a frontierei de stat moldo-ucrainene. Astfel,&#8230;<\/p>\n","protected":false},"author":2,"featured_media":0,"comment_status":"closed","ping_status":"open","sticky":false,"template":"","format":"standard","meta":[],"categories":[1],"tags":[],"_links":{"self":[{"href":"https:\/\/centers.ulbsibiu.ro\/ccsprise\/lact\/wp-json\/wp\/v2\/posts\/5844"}],"collection":[{"href":"https:\/\/centers.ulbsibiu.ro\/ccsprise\/lact\/wp-json\/wp\/v2\/posts"}],"about":[{"href":"https:\/\/centers.ulbsibiu.ro\/ccsprise\/lact\/wp-json\/wp\/v2\/types\/post"}],"author":[{"embeddable":true,"href":"https:\/\/centers.ulbsibiu.ro\/ccsprise\/lact\/wp-json\/wp\/v2\/users\/2"}],"replies":[{"embeddable":true,"href":"https:\/\/centers.ulbsibiu.ro\/ccsprise\/lact\/wp-json\/wp\/v2\/comments?post=5844"}],"version-history":[{"count":1,"href":"https:\/\/centers.ulbsibiu.ro\/ccsprise\/lact\/wp-json\/wp\/v2\/posts\/5844\/revisions"}],"predecessor-version":[{"id":5845,"href":"https:\/\/centers.ulbsibiu.ro\/ccsprise\/lact\/wp-json\/wp\/v2\/posts\/5844\/revisions\/5845"}],"wp:attachment":[{"href":"https:\/\/centers.ulbsibiu.ro\/ccsprise\/lact\/wp-json\/wp\/v2\/media?parent=5844"}],"wp:term":[{"taxonomy":"category","embeddable":true,"href":"https:\/\/centers.ulbsibiu.ro\/ccsprise\/lact\/wp-json\/wp\/v2\/categories?post=5844"},{"taxonomy":"post_tag","embeddable":true,"href":"https:\/\/centers.ulbsibiu.ro\/ccsprise\/lact\/wp-json\/wp\/v2\/tags?post=5844"}],"curies":[{"name":"wp","href":"https:\/\/api.w.org\/{rel}","templated":true}]}}