{"id":5842,"date":"2019-01-21T19:28:40","date_gmt":"2019-01-21T17:28:40","guid":{"rendered":"https:\/\/centers.ulbsibiu.ro\/ccsprise\/lact\/?p=5842"},"modified":"2019-01-21T19:28:40","modified_gmt":"2019-01-21T17:28:40","slug":"infotag-md-deschiderea-reprezentantei-transnistriei-la-moscova-nu-schimba-pozitia-rusiei-fata-de-reglementarea-transnistreana-mae","status":"publish","type":"post","link":"https:\/\/centers.ulbsibiu.ro\/ccsprise\/lact\/infotag-md-deschiderea-reprezentantei-transnistriei-la-moscova-nu-schimba-pozitia-rusiei-fata-de-reglementarea-transnistreana-mae\/","title":{"rendered":"Infotag.md &#8211; DESCHIDEREA REPREZENTAN\u0162EI TRANSNISTRIEI LA MOSCOVA NU SCHIMB\u0102 POZI\u0162IA RUSIEI FA\u0162\u0102 DE REGLEMENTAREA TRANSNISTREAN\u0102 \u2013 MAE"},"content":{"rendered":"<p>Deschiderea reprezentan\u0163ei autoproclamatei RMN la Moscova a \u201enu schimb\u0103 pozi\u021bia principial\u0103 a Federa\u021biei Ruse \u00een privin\u0163a reglement\u0103rii transnistrene\u201d.<br \/>\nPotrivit agen\u0163iei INFOTAG, despre aceasta se men\u021bioneaz\u0103 \u00een comentariul Departamentului de Informa\u021bii \u0219i Pres\u0103 al MAE al Rusiei \u00een leg\u0103tur\u0103 cu \u00eentrebarea mass-media cu privire la deschiderea Fondului de dezvoltare a rela\u021biilor sociale \u0219i culturale \u201eTransnistria\u201d.<br \/>\nMinisterul de Externe a recunoscut c\u0103 \u201eo astfel de organiza\u021bie ob\u015fteasc\u0103 a fost \u00eenregistrat\u0103 recent de c\u0103tre Ministerul Justi\u021biei al Rusiei\u201d, men\u021bion\u00e2nd c\u0103 \u201easemenea structuri au fost \u00eenfiin\u021bate \u015fi mai \u00eenainte la Moscova\u201d.<br \/>\nPotrivit datelor MAE, noua organiza\u0163ie se va ocupa, conform statutului, de \u201estabilirea rela\u021biilor socio-culturale \u015fi socio-economice; de men\u021binerea contactelor directe la Moscova, de interac\u021biunea cu organiza\u021biile ob\u015fte\u015fti; de men\u0163inerea \u0219i dezvoltarea culturii popoarelor Transnistriei \u0219i de integrarea sa \u00een cultura rus\u0103 \u0219i mondial\u0103 \u0219i de organizarea publica\u0163iilor \u015fi expozi\u021biilor \u00een acest scop\u201d.<br \/>\n\u00centre timp, autorit\u0103\u021bile autoproclamatei RMN sus\u0163in c\u0103 \u00ee\u0219i deschid reprezentan\u021ba oficial\u0103 la Moscova. Despre aceasta a anun\u0163at liderul transnistrean, Vadim Krasnoselski, men\u0163ion\u00e2nd c\u0103 evenimentul programat pentru 22 ianuarie este \u201eun pas important \u00een consolidarea \u0219i dezvoltarea rela\u021biilor dintre Transnistria \u0219i Rusia&#8221;.<br \/>\nPotrivit decretului s\u0103u, reprezentan\u0163a oficial\u0103 va fi condus\u0103 de vicepre\u015fedintele Ghildei avoca\u0163ilor ru\u015fi, Leonid Manacov, \u00een v\u00e2rst\u0103 de 73 de ani, responsabil de problemele de cooperare cu avocatura din Transnistria. El este \u015fi vicepre\u0219edintele prezidiumului colegiului de avoca\u021bi \u201eCentrul juridic din Moscova\u201d, doctor \u00een \u015ftiin\u0163e juridice \u015fi \u00een filosofie, consilier al ministrului afacerilor interne al Transnistriei, unul dintre autorii c\u0103r\u021bii \u201eBazele politice \u0219i juridice pentru recunoa\u0219terea interna\u021bional\u0103 a RMN\u201d, publicat\u0103 \u00een 2018.<br \/>\nPotrivit informa\u0163iilor neoficiale, Krasnoselski inten\u0163ioneaz\u0103 s\u0103 plece la Moscova pentru a inaugura personal reprezentan\u0163a.<\/p>\n<p>Sursa:\u00a0<a href=\"http:\/\/www.infotag.md\/rebelion-ro\/271449\/\">http:\/\/www.infotag.md\/<\/a><\/p>\n","protected":false},"excerpt":{"rendered":"<p>Deschiderea reprezentan\u0163ei autoproclamatei RMN la Moscova a \u201enu schimb\u0103 pozi\u021bia principial\u0103 a Federa\u021biei Ruse \u00een privin\u0163a reglement\u0103rii transnistrene\u201d. Potrivit agen\u0163iei INFOTAG, despre aceasta se men\u021bioneaz\u0103 \u00een comentariul Departamentului de Informa\u021bii \u0219i Pres\u0103 al MAE al Rusiei \u00een leg\u0103tur\u0103 cu \u00eentrebarea mass-media cu privire la deschiderea Fondului de dezvoltare a rela\u021biilor sociale \u0219i culturale \u201eTransnistria\u201d. Ministerul&#8230;<\/p>\n","protected":false},"author":2,"featured_media":0,"comment_status":"closed","ping_status":"open","sticky":false,"template":"","format":"standard","meta":[],"categories":[1],"tags":[],"_links":{"self":[{"href":"https:\/\/centers.ulbsibiu.ro\/ccsprise\/lact\/wp-json\/wp\/v2\/posts\/5842"}],"collection":[{"href":"https:\/\/centers.ulbsibiu.ro\/ccsprise\/lact\/wp-json\/wp\/v2\/posts"}],"about":[{"href":"https:\/\/centers.ulbsibiu.ro\/ccsprise\/lact\/wp-json\/wp\/v2\/types\/post"}],"author":[{"embeddable":true,"href":"https:\/\/centers.ulbsibiu.ro\/ccsprise\/lact\/wp-json\/wp\/v2\/users\/2"}],"replies":[{"embeddable":true,"href":"https:\/\/centers.ulbsibiu.ro\/ccsprise\/lact\/wp-json\/wp\/v2\/comments?post=5842"}],"version-history":[{"count":1,"href":"https:\/\/centers.ulbsibiu.ro\/ccsprise\/lact\/wp-json\/wp\/v2\/posts\/5842\/revisions"}],"predecessor-version":[{"id":5843,"href":"https:\/\/centers.ulbsibiu.ro\/ccsprise\/lact\/wp-json\/wp\/v2\/posts\/5842\/revisions\/5843"}],"wp:attachment":[{"href":"https:\/\/centers.ulbsibiu.ro\/ccsprise\/lact\/wp-json\/wp\/v2\/media?parent=5842"}],"wp:term":[{"taxonomy":"category","embeddable":true,"href":"https:\/\/centers.ulbsibiu.ro\/ccsprise\/lact\/wp-json\/wp\/v2\/categories?post=5842"},{"taxonomy":"post_tag","embeddable":true,"href":"https:\/\/centers.ulbsibiu.ro\/ccsprise\/lact\/wp-json\/wp\/v2\/tags?post=5842"}],"curies":[{"name":"wp","href":"https:\/\/api.w.org\/{rel}","templated":true}]}}