{"id":5840,"date":"2019-01-21T19:27:14","date_gmt":"2019-01-21T17:27:14","guid":{"rendered":"https:\/\/centers.ulbsibiu.ro\/ccsprise\/lact\/?p=5840"},"modified":"2019-01-21T19:27:14","modified_gmt":"2019-01-21T17:27:14","slug":"gov-md-premierul-pavel-filip-s-a-intalnit-cu-presedintele-adunarii-parlamentare-a-osce-george-tsereteli","status":"publish","type":"post","link":"https:\/\/centers.ulbsibiu.ro\/ccsprise\/lact\/gov-md-premierul-pavel-filip-s-a-intalnit-cu-presedintele-adunarii-parlamentare-a-osce-george-tsereteli\/","title":{"rendered":"Gov.md &#8211; Premierul Pavel Filip s-a \u00eent\u00e2lnit cu Pre\u0219edintele Adun\u0103rii Parlamentare a OSCE, George Tsereteli"},"content":{"rendered":"<p>Prim-ministrul Pavel Filip a avut ast\u0103zi o \u00eentrevedere cu Pre\u0219edintele Adun\u0103rii Parlamentare a OSCE, George Tsereteli. Conflictul transnistrean, m\u0103surile de consolidare a \u00eencrederii dintre cele dou\u0103 maluri ale Nistrului \u0219i alegerile parlamentare au constituit principalele teme de discu\u021bie.<br \/>\nPremierul a exprimat recuno\u0219tin\u021b\u0103 Adun\u0103rii Parlamentare a OSCE pentru suportul continuu acordat \u021b\u0103rii noastre \u00een promovarea dialogului dintre ambele maluri ale Nistrului, integrarea minorit\u0103\u021bilor na\u021bionale, reformarea justi\u021biei \u015fi consolidarea statului de drept.<br \/>\nPavel Filip a trecut \u00een revist\u0103 progresele ob\u021binute \u00een solu\u021bionarea conflictului transnistrean prin semnarea mai multor decizii protocolare. Printre principalele realiz\u0103ri au fost men\u021bionate: asigurarea bunei func\u021bion\u0103ri a \u0219colilor din st\u00e2nga Nistrului cu predare \u00een grafie latin\u0103, apostilarea diplomelor de studii de la Tiraspol, asigurarea accesului fermierilor din raionul Dub\u0103sari la terenurile lor agricole, precum \u0219i admiterea autovehiculelor cu numere neutre \u00een traficul interna\u021bional.<br \/>\n\u201eAtunci c\u00e2nd exist\u0103 suport, se pot ob\u021bine rezultate. O s\u0103 depunem eforturi consolidate pentru a men\u021bine \u00een continuare aceast\u0103 dinamic\u0103 pozitiv\u0103\u201d, a spus Pavel Filip. Premierul a apreciat contribu\u021bia partenerilor \u00een promovarea procesului de reglementare a conflictului transnistrean, men\u021bion\u00e2nd c\u0103 formatul \u201e5+2\u201d este cel mai potrivit \u00een acest sens. Totodat\u0103, \u0219eful Executivului a solicitat OSCE s\u0103 se implice mai activ \u00een facilitarea evacu\u0103rii muni\u021biilor de la Cobasna, care reprezint\u0103 un pericol \u00een regiune.<br \/>\nLa r\u00e2ndul s\u0103u, Pre\u0219edintele Adun\u0103rii Parlamentare a OSCE, George Tsereteli, a confirmat disponibilitatea forului interparlamentar de a sprijini \u00een continuare Republica Moldova \u00een procesul de solu\u021bionare a conflictului transnistrean.<br \/>\nOficialii au f\u0103cut un schimb de opinii \u0219i privind viitorul scrutin parlamentar. George Tsereteli a salutat angajamentul ferm al autorit\u0103\u021bilor de a organiza alegeri libere, corecte \u0219i transparente, respect\u00e2nd toate standardele interna\u021bionale. \u00cen acest sens, premierul a apreciat disponibilitatea OSCE de a monitoriza alegerile din 24 februarie, men\u021bion\u00e2nd importan\u021ba obiectivit\u0103\u021bii din partea echipei de observatori.<\/p>\n<p>Sursa:\u00a0<a href=\"https:\/\/gov.md\/ro\/content\/premierul-pavel-filip-s-intalnit-cu-presedintele-adunarii-parlamentare-osce-george-tsereteli\">https:\/\/gov.md\/<\/a><\/p>\n","protected":false},"excerpt":{"rendered":"<p>Prim-ministrul Pavel Filip a avut ast\u0103zi o \u00eentrevedere cu Pre\u0219edintele Adun\u0103rii Parlamentare a OSCE, George Tsereteli. Conflictul transnistrean, m\u0103surile de consolidare a \u00eencrederii dintre cele dou\u0103 maluri ale Nistrului \u0219i alegerile parlamentare au constituit principalele teme de discu\u021bie. Premierul a exprimat recuno\u0219tin\u021b\u0103 Adun\u0103rii Parlamentare a OSCE pentru suportul continuu acordat \u021b\u0103rii noastre \u00een promovarea dialogului&#8230;<\/p>\n","protected":false},"author":2,"featured_media":0,"comment_status":"closed","ping_status":"open","sticky":false,"template":"","format":"standard","meta":[],"categories":[1],"tags":[],"_links":{"self":[{"href":"https:\/\/centers.ulbsibiu.ro\/ccsprise\/lact\/wp-json\/wp\/v2\/posts\/5840"}],"collection":[{"href":"https:\/\/centers.ulbsibiu.ro\/ccsprise\/lact\/wp-json\/wp\/v2\/posts"}],"about":[{"href":"https:\/\/centers.ulbsibiu.ro\/ccsprise\/lact\/wp-json\/wp\/v2\/types\/post"}],"author":[{"embeddable":true,"href":"https:\/\/centers.ulbsibiu.ro\/ccsprise\/lact\/wp-json\/wp\/v2\/users\/2"}],"replies":[{"embeddable":true,"href":"https:\/\/centers.ulbsibiu.ro\/ccsprise\/lact\/wp-json\/wp\/v2\/comments?post=5840"}],"version-history":[{"count":1,"href":"https:\/\/centers.ulbsibiu.ro\/ccsprise\/lact\/wp-json\/wp\/v2\/posts\/5840\/revisions"}],"predecessor-version":[{"id":5841,"href":"https:\/\/centers.ulbsibiu.ro\/ccsprise\/lact\/wp-json\/wp\/v2\/posts\/5840\/revisions\/5841"}],"wp:attachment":[{"href":"https:\/\/centers.ulbsibiu.ro\/ccsprise\/lact\/wp-json\/wp\/v2\/media?parent=5840"}],"wp:term":[{"taxonomy":"category","embeddable":true,"href":"https:\/\/centers.ulbsibiu.ro\/ccsprise\/lact\/wp-json\/wp\/v2\/categories?post=5840"},{"taxonomy":"post_tag","embeddable":true,"href":"https:\/\/centers.ulbsibiu.ro\/ccsprise\/lact\/wp-json\/wp\/v2\/tags?post=5840"}],"curies":[{"name":"wp","href":"https:\/\/api.w.org\/{rel}","templated":true}]}}