{"id":5838,"date":"2019-01-21T19:19:47","date_gmt":"2019-01-21T17:19:47","guid":{"rendered":"https:\/\/centers.ulbsibiu.ro\/ccsprise\/lact\/?p=5838"},"modified":"2019-01-21T19:19:47","modified_gmt":"2019-01-21T17:19:47","slug":"infotag-md-presedintia-slovaciei-la-osce-este-dispusa-sa-desfasoare-intrevederi-52-daca-exista-o-agenda-clara","status":"publish","type":"post","link":"https:\/\/centers.ulbsibiu.ro\/ccsprise\/lact\/infotag-md-presedintia-slovaciei-la-osce-este-dispusa-sa-desfasoare-intrevederi-52-daca-exista-o-agenda-clara\/","title":{"rendered":"Infotag.md &#8211; PRE\u015eEDIN\u0162IA SLOVACIEI LA OSCE ESTE DISPUS\u0102 S\u0102 DESF\u0102\u015eOARE \u00ceNTREVEDERI \u201e5+2\u201d, DAC\u0102 EXIST\u0102 O AGEND\u0102 CLAR\u0102"},"content":{"rendered":"<p>Pre\u015fedin\u0163ia Slovaciei la OSCE este dispus\u0103 s\u0103 desf\u0103\u015foare \u00een acest an \u00eentrevederi \u00een formatul \u201e5+2\u201d \u201eori de c\u00e2te ori este nevoie, dac\u0103 exist\u0103 o agend\u0103 clar\u0103\u201d. O declara\u0163ie \u00een acest sens a f\u0103cut, vineri, \u00een cadrul unei conferin\u0163e de pres\u0103, pre\u015fedintele \u00een exerci\u0163iu al OSCE, Miroslav Lajcak, dup\u0103 \u00eentrevederea la Tiraspol cu pre\u015fedintele autoproclamatei RMN, Vadim Krasnoselski.<br \/>\nPotrivit agen\u0163iei INFOTAG cu referire la site-ul liderului de la Tiraspol, el a spus c\u0103 mizeaz\u0103 pe o pre\u0219edin\u021bie eficient\u0103, dar \u201eeste necesar s\u0103 se ajung\u0103 la un acord pe partea moldoveneasc\u0103 \u0219i cea transnistrean\u0103\u201d.<br \/>\n\u201eSuntem gata s\u0103 ajut\u0103m. Sper c\u0103 munca va continua \u0219i vom vedea rezultate concrete. Suntem gata s\u0103 convoc\u0103m urm\u0103toarea \u00eent\u00e2lnire \u00een formatul \u201e5+2\u201d atunci c\u00e2nd vom avea perspectiva de a ob\u021bine ceva concret. A\u0219 vrea ca aceasta s\u0103 se \u00eent\u00e2mple p\u00e2n\u0103 la var\u0103, dar totul depinde de voin\u021ba p\u0103r\u021bilor. Nu este necesar s\u0103 ne \u00eent\u00e2lnim \u00een acest format, dac\u0103 nu va fi nimic de negociat. Ar fi un semn r\u0103u. Dar cred c\u0103 to\u021bi participan\u021bii la proces \u00een\u021beleg c\u0103 avem un moment bun, o atmosfer\u0103 bun\u0103, exist\u0103 mai mult\u0103 \u00eencredere dec\u00e2t acum doi ani \u0219i acest lucru ar trebui s\u0103 fie p\u0103strat\u201d, a spus diplomatul.<br \/>\nEl ar dori ca anul 2019 \u201es\u0103 devin\u0103 un an al unor rezultate concrete \u015fi bune\u201d.<br \/>\n\u201eAm avut o discu\u0163ie foarte concret\u0103. Anterior, am auzit interpretarea p\u0103r\u021bii moldovene\u0219ti, astfel c\u0103 mi-am format deja o imagine de ansamblu a problemelor existente \u0219i a modului \u00een care ar trebui rezolvate\u201d, a spus Lajcak.<br \/>\nReferindu-se la men\u0163inerea lui Franco Frattini \u00een func\u0163ia de reprezentant special al OSCE pentru reglementarea transnistrean\u0103, el a spus c\u0103 acesta este \u201eun politician cu o sus\u0163inere italian\u0103 puternic\u0103, care \u015fi-a a demonstrat eficacitatea \u00een aceast\u0103 func\u0163ie\u201d.<br \/>\nVadim Krasnoselski \u015fi-a exprimat convingerea c\u0103 actuala pre\u015fedin\u0163ie a OSCE va da un nou impuls realiz\u0103rii acordurilor deja semnate \u015fi atingerii unor noi \u00een\u0163elegeri, fapt ce va permite anului 2019 s\u0103 devin\u0103 \u201eun an de tranzi\u0163ie\u201d.<br \/>\n\u201eTrebuie s\u0103 ne g\u00e2ndim la faptul ca rezultatele solu\u0163ion\u0103rii problemelor s\u0103 fie implementate \u00een via\u021b\u0103, astfel \u00eenc\u00e2t oamenii s\u0103 le foloseasc\u0103 ca norme. Vorbim despre aspecte legate de logistic\u0103, economie, probleme umanitare , despre tot ceea ce \u0163ine de un trai lini\u0219tit \u015fi stabil al oamenilor. Transnistria este constructiv\u0103 \u0219i devine o zon\u0103 de stabilitate, demonstr\u00e2nd capacitatea de a ajunge la \u00een\u0163elegere chiar \u0219i \u00een condi\u021bii foarte dificile &#8211; desigur, cu ajutorul colegilor no\u0219tri, inclusiv al misiunii OSCE\u201d, a subliniat el.<br \/>\n\u00centrebat de jurnali\u0219tii slovaci despre perspectivele solu\u021bion\u0103rii definitive a conflictului transnistrean \u0219i probabilit\u0103\u021bii unirii cu Moldova, liderul de la Tiraspol a declarat c\u0103 \u201efiecare parte are propria viziune de a pune cap\u0103t confrunt\u0103rii\u201d.<br \/>\n\u201ePentru Moldova, aceasta este integrarea, iar pentru Transnistria, este recunoa\u0219terea Republicii Moldovene\u0219ti Nistrene ca stat independent. Ap\u0103r\u0103m aceast\u0103 pozi\u021bie \u0219i \u00eendeplinim voin\u021ba poporului, care a fost exprimat\u0103 la referendum. Consider\u0103m c\u0103 diferendul poate fi solu\u021bionat prin recunoa\u0219terea statalit\u0103\u021bii transnistrene\u201d, a subliniat el.<br \/>\nVorbind despre perspectivele retragerii pacificatorilor ru\u0219i din Zona de Securitate, Krasnoselski a spus c\u0103 \u201eTransnistria nu va purta niciun fel de discu\u0163ii la acest subiect at\u00e2ta timp c\u00e2t conflictul nu este solu\u0163ionat\u201d.<\/p>\n<p>Sursa:\u00a0<a href=\"http:\/\/www.infotag.md\/rebelion-ro\/271392\/\">http:\/\/www.infotag.md\/<\/a><\/p>\n","protected":false},"excerpt":{"rendered":"<p>Pre\u015fedin\u0163ia Slovaciei la OSCE este dispus\u0103 s\u0103 desf\u0103\u015foare \u00een acest an \u00eentrevederi \u00een formatul \u201e5+2\u201d \u201eori de c\u00e2te ori este nevoie, dac\u0103 exist\u0103 o agend\u0103 clar\u0103\u201d. O declara\u0163ie \u00een acest sens a f\u0103cut, vineri, \u00een cadrul unei conferin\u0163e de pres\u0103, pre\u015fedintele \u00een exerci\u0163iu al OSCE, Miroslav Lajcak, dup\u0103 \u00eentrevederea la Tiraspol cu pre\u015fedintele autoproclamatei RMN,&#8230;<\/p>\n","protected":false},"author":2,"featured_media":0,"comment_status":"closed","ping_status":"open","sticky":false,"template":"","format":"standard","meta":[],"categories":[1],"tags":[],"_links":{"self":[{"href":"https:\/\/centers.ulbsibiu.ro\/ccsprise\/lact\/wp-json\/wp\/v2\/posts\/5838"}],"collection":[{"href":"https:\/\/centers.ulbsibiu.ro\/ccsprise\/lact\/wp-json\/wp\/v2\/posts"}],"about":[{"href":"https:\/\/centers.ulbsibiu.ro\/ccsprise\/lact\/wp-json\/wp\/v2\/types\/post"}],"author":[{"embeddable":true,"href":"https:\/\/centers.ulbsibiu.ro\/ccsprise\/lact\/wp-json\/wp\/v2\/users\/2"}],"replies":[{"embeddable":true,"href":"https:\/\/centers.ulbsibiu.ro\/ccsprise\/lact\/wp-json\/wp\/v2\/comments?post=5838"}],"version-history":[{"count":1,"href":"https:\/\/centers.ulbsibiu.ro\/ccsprise\/lact\/wp-json\/wp\/v2\/posts\/5838\/revisions"}],"predecessor-version":[{"id":5839,"href":"https:\/\/centers.ulbsibiu.ro\/ccsprise\/lact\/wp-json\/wp\/v2\/posts\/5838\/revisions\/5839"}],"wp:attachment":[{"href":"https:\/\/centers.ulbsibiu.ro\/ccsprise\/lact\/wp-json\/wp\/v2\/media?parent=5838"}],"wp:term":[{"taxonomy":"category","embeddable":true,"href":"https:\/\/centers.ulbsibiu.ro\/ccsprise\/lact\/wp-json\/wp\/v2\/categories?post=5838"},{"taxonomy":"post_tag","embeddable":true,"href":"https:\/\/centers.ulbsibiu.ro\/ccsprise\/lact\/wp-json\/wp\/v2\/tags?post=5838"}],"curies":[{"name":"wp","href":"https:\/\/api.w.org\/{rel}","templated":true}]}}