{"id":5836,"date":"2019-01-20T18:49:53","date_gmt":"2019-01-20T16:49:53","guid":{"rendered":"https:\/\/centers.ulbsibiu.ro\/ccsprise\/lact\/?p=5836"},"modified":"2019-01-20T18:49:53","modified_gmt":"2019-01-20T16:49:53","slug":"unimedia-md-47-de-sectii-de-votare-vor-fi-deschise-in-regiunea-transnistreana-la-alegerile-parlamentare","status":"publish","type":"post","link":"https:\/\/centers.ulbsibiu.ro\/ccsprise\/lact\/unimedia-md-47-de-sectii-de-votare-vor-fi-deschise-in-regiunea-transnistreana-la-alegerile-parlamentare\/","title":{"rendered":"Unimedia.md &#8211; 47 de sec\u021bii de votare vor fi deschise \u00een regiunea transnistrean\u0103 la alegerile parlamentare"},"content":{"rendered":"<p>Comisia Electoral\u0103 Central\u0103 (CEC) a stabilit, \u00een \u0219edin\u021ba din 19 ianuarie, organizarea sec\u0163iilor de votare pentru aleg\u0103torii din localit\u0103\u021bile din st\u00e2nga Nistrului (regiunea transnistrean\u0103), municipiul Bender \u015fi unele localit\u0103\u021bi ale raionului C\u0103u\u0219eni, pentru alegerile parlamentare \u0219i referendumul republican consultativ din 24 februarie 2019.<\/p>\n<p>\u00cen acest fel, pentru circumscrip\u021bia uninominal\u0103 nr. 47, ora\u0219ele Camenca, R\u00eebni\u021ba, Dub\u0103sari \u0219i Grigoriopol vor fi organizate 22 sec\u021bii de votare, iar pentru circumscrip\u021bia uninominal\u0103 nr. 48, ora\u0219ul Slobozia, municipiile Tiraspol \u0219i Bender \u2013 25 sec\u021bii de votare.<\/p>\n<p>Ministerul Afacerilor Interne, \u00een baza atribu\u021biilor ce \u00eei revin conform prevederilor Codului electoral, va \u00eentreprinde toate m\u0103surile necesare privind men\u021binerea ordinii publice \u00een localit\u0103\u021bile unde \u00ee\u015fi vor avea sediul sec\u0163iile de votare constituite.<\/p>\n<p>Totodat\u0103, \u00een scopul garant\u0103rii securit\u0103\u021bii procesului de votare la sec\u0163iile de votare din localit\u0103\u021bile aflate \u00een Zona de Securitate, Comisia Electoral\u0103 Central\u0103 face apel c\u0103tre observatorii na\u0163ionali, interna\u021bionali \u015fi Comisia Unificat\u0103 de Control \u00een vederea monitoriz\u0103rii desf\u0103\u0219ur\u0103rii pa\u0219nice a procesului electoral \u00een cadrul sec\u0163iilor de votare respective.<\/p>\n<p>Sursa:\u00a0<a href=\"https:\/\/unimedia.info\/ro\/news\/b6da1b894662192f\/47-de-sectii-de-votare-vor-fi-deschise-in-regiunea-transnistreana-la-alegerile-parlamentare.html\">https:\/\/unimedia.info\/<\/a><\/p>\n","protected":false},"excerpt":{"rendered":"<p>Comisia Electoral\u0103 Central\u0103 (CEC) a stabilit, \u00een \u0219edin\u021ba din 19 ianuarie, organizarea sec\u0163iilor de votare pentru aleg\u0103torii din localit\u0103\u021bile din st\u00e2nga Nistrului (regiunea transnistrean\u0103), municipiul Bender \u015fi unele localit\u0103\u021bi ale raionului C\u0103u\u0219eni, pentru alegerile parlamentare \u0219i referendumul republican consultativ din 24 februarie 2019. \u00cen acest fel, pentru circumscrip\u021bia uninominal\u0103 nr. 47, ora\u0219ele Camenca, R\u00eebni\u021ba, Dub\u0103sari&#8230;<\/p>\n","protected":false},"author":2,"featured_media":0,"comment_status":"closed","ping_status":"open","sticky":false,"template":"","format":"standard","meta":[],"categories":[1],"tags":[],"_links":{"self":[{"href":"https:\/\/centers.ulbsibiu.ro\/ccsprise\/lact\/wp-json\/wp\/v2\/posts\/5836"}],"collection":[{"href":"https:\/\/centers.ulbsibiu.ro\/ccsprise\/lact\/wp-json\/wp\/v2\/posts"}],"about":[{"href":"https:\/\/centers.ulbsibiu.ro\/ccsprise\/lact\/wp-json\/wp\/v2\/types\/post"}],"author":[{"embeddable":true,"href":"https:\/\/centers.ulbsibiu.ro\/ccsprise\/lact\/wp-json\/wp\/v2\/users\/2"}],"replies":[{"embeddable":true,"href":"https:\/\/centers.ulbsibiu.ro\/ccsprise\/lact\/wp-json\/wp\/v2\/comments?post=5836"}],"version-history":[{"count":1,"href":"https:\/\/centers.ulbsibiu.ro\/ccsprise\/lact\/wp-json\/wp\/v2\/posts\/5836\/revisions"}],"predecessor-version":[{"id":5837,"href":"https:\/\/centers.ulbsibiu.ro\/ccsprise\/lact\/wp-json\/wp\/v2\/posts\/5836\/revisions\/5837"}],"wp:attachment":[{"href":"https:\/\/centers.ulbsibiu.ro\/ccsprise\/lact\/wp-json\/wp\/v2\/media?parent=5836"}],"wp:term":[{"taxonomy":"category","embeddable":true,"href":"https:\/\/centers.ulbsibiu.ro\/ccsprise\/lact\/wp-json\/wp\/v2\/categories?post=5836"},{"taxonomy":"post_tag","embeddable":true,"href":"https:\/\/centers.ulbsibiu.ro\/ccsprise\/lact\/wp-json\/wp\/v2\/tags?post=5836"}],"curies":[{"name":"wp","href":"https:\/\/api.w.org\/{rel}","templated":true}]}}