{"id":5827,"date":"2019-01-18T19:19:07","date_gmt":"2019-01-18T17:19:07","guid":{"rendered":"https:\/\/centers.ulbsibiu.ro\/ccsprise\/lact\/?p=5827"},"modified":"2019-01-18T19:20:01","modified_gmt":"2019-01-18T17:20:01","slug":"deschide-md-presedintele-osce-m-lajcak-optam-pentru-statut-special-al-transnistriei-in-cadrul-r-moldova","status":"publish","type":"post","link":"https:\/\/centers.ulbsibiu.ro\/ccsprise\/lact\/deschide-md-presedintele-osce-m-lajcak-optam-pentru-statut-special-al-transnistriei-in-cadrul-r-moldova\/","title":{"rendered":"Deschide.md &#8211; Pre\u0219edintele OSCE, M. Lajcak: \u201eOpt\u0103m pentru statut special al Transnistriei \u00een cadrul R. Moldova\u201d"},"content":{"rendered":"<p>Author: Vadim Vasiliu<\/p>\n<p>Pa\u0219ii mici \u0219i concre\u021bi care vor duce la rezolvarea problemelor reale ale popula\u021biei de pe ambele maluri ale Nistrului, reprezint\u0103 obiectivele trasate de actualul pre\u0219edinte al OSCE. Scopul final al eforturilor de negociere ar fi identificarea unui statut special pentru Transnistria \u00een cadrul Republicii Moldova.<br \/>\nRepublica Moldova mizeaz\u0103 pe suportul Slovaciei \u00een vederea retragerii trupelor ruse\u0219ti de pe teritoriul s\u0103u, transform\u0103rii misiunii de pacificare \u00een una civil\u0103 \u0219i realizarea unui audit interna\u021bional la depozitul de muni\u021bii din Cobasna.<br \/>\nPre\u0219edintele \u00een exerci\u021biu al OSCE s-a \u00eent\u00e2lnita ast\u0103zi la Chi\u0219in\u0103u cu ministrul de Externe \u0219i Integr\u0103rii Europene, Tudor Ulianovschi \u0219i a trasat principalele obiective ale pre\u0219edin\u021biei Republicii Slovace la OSCE.<br \/>\n\u201eAvem nevoie de o reglementare bazat\u0103 pe suveranitatea \u0219i integritatea teritorial\u0103 a Republicii Moldova, \u00een limitele grani\u021belor recunoscute interna\u021bional, cu un statut special pentru Transnistria. Totodat\u0103, nu exist\u0103 o solu\u021bie magic\u0103 ce poate fi atins\u0103 peste noapte. Nu exist\u0103 nicio solu\u021bie magic\u0103 care poate fi atins\u0103 peste noapte, de aceea noi trebuie s\u0103 facem pa\u0219i mici\u201d, a declarat Miroslav Lajcak.<br \/>\nTotodat\u0103, pre\u0219edin\u021bia Slovaciei la OSCE \u00een 2019 va fi focusat\u0103 pe oameni, dialog, \u0219i bun\u0103stare. \u201ePre\u0219edin\u021bia Slovaciei va fi activ\u0103, ambi\u021bioas\u0103 \u0219i realistic\u0103. Vrem s\u0103 ne ax\u0103m pe procese politice dar \u0219i s\u0103 ajut\u0103m oamenilor concre\u021bi\u201d, a spus Lajcak.<br \/>\nMinistrul de Externe al Republicii Moldova, Tudor Ulianovschi a mul\u021bumit lui Miroslav Lajcak pentru c\u0103 a vizitat Republica Moldova la scurt timp dup\u0103 preluarea mandatului de pre\u0219edinte \u00een Exerci\u021biu al OSCE.<br \/>\n\u201eSclovaciei \u00eei revine o misiune dificil\u0103 \u00een anul curent. Osce se afl\u0103 \u00eentr-un punct critic pe fondul crizei din Ucraina, a unui mediu de securitate \u00een continu\u0103 schimbare, provocat de o serie de factori cheie printre care stagnarea \u00een domeniul controlului armelor, conflictele prelungite, turbulen\u021bele din sud-estul Europei\u201d, a declarat Tudor Ulianovschi, ministrul de Externe \u0219i Integrare European\u0103.<br \/>\nMinistrul de Externe a mai ad\u0103ugat c\u0103, pe problema diferendului transnistrean, Republica Moldova \u00ee\u0219i dore\u0219te o continuitate \u0219i perseveren\u021b\u0103 pe durata mandatului Slovaciei \u00een OSCE asupra celor trei co\u0219uri ale agendei procesului de negocieri. Este vorba \u00een special despre solu\u021bia cuprinz\u0103toare, care s\u0103 includ\u0103 politici institu\u021bionale \u0219i de securitate, a\u0219a cum este reflectat\u0103 \u00een declara\u021bia mini\u0219trilor de externe a UE de la Milano.<br \/>\nUlianovschi a subliniat c\u0103 Chi\u0219in\u0103ul mizeaz\u0103 pe suportul pre\u0219edin\u021biei Slovace la OSCE \u00een sus\u021binerea \u0219i canalizarea eforturilor Republicii Moldova \u00een vederea retragerii trupelor ruse\u0219ti de pe teritoriul s\u0103u. Chi\u0219in\u0103ul mizeaz\u0103 pe suportul OSCE pe subiectul transform\u0103rii misiunii de pacificare din Transnistria \u00een una civil\u0103, cu mandat interna\u021bional. Un alt subiect care urmeaz\u0103 s\u0103 fie sus\u021binut de Slovacia este efectuarea unei inspec\u021bii interna\u021bionale a depozitului de muni\u021bii de la Cobasna, un pericol socioumanitar pentru republica Moldova \u0219i vecinii s\u0103i.<\/p>\n<p>Sursa:\u00a0<a href=\"https:\/\/deschide.md\/ro\/stiri\/politic\/42923\/Pre\u0219edintele-OSCE-M-Lajcak-\u201eOpt\u0103m-pentru-statut-special-al-Transnistriei-\u00een-cadrul-R-Moldova\u201d.htm\">https:\/\/deschide.md\/<\/a><\/p>\n","protected":false},"excerpt":{"rendered":"<p>Author: Vadim Vasiliu Pa\u0219ii mici \u0219i concre\u021bi care vor duce la rezolvarea problemelor reale ale popula\u021biei de pe ambele maluri ale Nistrului, reprezint\u0103 obiectivele trasate de actualul pre\u0219edinte al OSCE. Scopul final al eforturilor de negociere ar fi identificarea unui statut special pentru Transnistria \u00een cadrul Republicii Moldova. Republica Moldova mizeaz\u0103 pe suportul Slovaciei \u00een&#8230;<\/p>\n","protected":false},"author":2,"featured_media":0,"comment_status":"closed","ping_status":"open","sticky":false,"template":"","format":"standard","meta":[],"categories":[1],"tags":[],"_links":{"self":[{"href":"https:\/\/centers.ulbsibiu.ro\/ccsprise\/lact\/wp-json\/wp\/v2\/posts\/5827"}],"collection":[{"href":"https:\/\/centers.ulbsibiu.ro\/ccsprise\/lact\/wp-json\/wp\/v2\/posts"}],"about":[{"href":"https:\/\/centers.ulbsibiu.ro\/ccsprise\/lact\/wp-json\/wp\/v2\/types\/post"}],"author":[{"embeddable":true,"href":"https:\/\/centers.ulbsibiu.ro\/ccsprise\/lact\/wp-json\/wp\/v2\/users\/2"}],"replies":[{"embeddable":true,"href":"https:\/\/centers.ulbsibiu.ro\/ccsprise\/lact\/wp-json\/wp\/v2\/comments?post=5827"}],"version-history":[{"count":1,"href":"https:\/\/centers.ulbsibiu.ro\/ccsprise\/lact\/wp-json\/wp\/v2\/posts\/5827\/revisions"}],"predecessor-version":[{"id":5828,"href":"https:\/\/centers.ulbsibiu.ro\/ccsprise\/lact\/wp-json\/wp\/v2\/posts\/5827\/revisions\/5828"}],"wp:attachment":[{"href":"https:\/\/centers.ulbsibiu.ro\/ccsprise\/lact\/wp-json\/wp\/v2\/media?parent=5827"}],"wp:term":[{"taxonomy":"category","embeddable":true,"href":"https:\/\/centers.ulbsibiu.ro\/ccsprise\/lact\/wp-json\/wp\/v2\/categories?post=5827"},{"taxonomy":"post_tag","embeddable":true,"href":"https:\/\/centers.ulbsibiu.ro\/ccsprise\/lact\/wp-json\/wp\/v2\/tags?post=5827"}],"curies":[{"name":"wp","href":"https:\/\/api.w.org\/{rel}","templated":true}]}}