{"id":5825,"date":"2019-01-18T19:16:39","date_gmt":"2019-01-18T17:16:39","guid":{"rendered":"https:\/\/centers.ulbsibiu.ro\/ccsprise\/lact\/?p=5825"},"modified":"2019-01-18T19:16:39","modified_gmt":"2019-01-18T17:16:39","slug":"gov-md-vizita-de-curtoazie-la-biroul-politici-de-reintegrare-a-noului-ministru-plenipotentiar-din-cadrul-ambasadei-romaniei-in-republica-moldova-adrian-sirbu","status":"publish","type":"post","link":"https:\/\/centers.ulbsibiu.ro\/ccsprise\/lact\/gov-md-vizita-de-curtoazie-la-biroul-politici-de-reintegrare-a-noului-ministru-plenipotentiar-din-cadrul-ambasadei-romaniei-in-republica-moldova-adrian-sirbu\/","title":{"rendered":"Gov.md &#8211; Vizita de curtoazie la Biroul politici de reintegrare a noului ministru plenipoten\u021biar din cadrul Ambasadei Rom\u00e2niei \u00een Republica Moldova Adrian S\u00eerbu"},"content":{"rendered":"<p>\u0218eful Biroului politici de reintegrare, dl Marian Gherman, s-a \u00eent\u00e2lnit ast\u0103zi cu dl Adrian S\u00eerbu, noul ministru plenipoten\u021biar din cadrul Ambasadei Rom\u00e2niei \u00een Republica Moldova, cu ocazia \u00eenceperii mandatului s\u0103u la Chi\u0219in\u0103u.<br \/>\n\u00cen debutul \u00eentrevederii, \u0219eful Biroului l-a felicitat pe dl Adrian S\u00e2rbu \u00een leg\u0103tur\u0103 cu nominalizarea \u00een pozi\u021bia de ministru plenipoten\u021biar, a salutat preluarea de c\u0103tre Rom\u00e2nia a Pre\u0219edin\u021biei Consiliului Uniunii Europene \u00eencep\u00e2nd cu data de 01 ianuarie 2019, precum \u0219i a relevat bunele rela\u021bii de cooperare stabilite \u00eentre autorit\u0103\u021bile de la Chi\u0219in\u0103u \u0219i cele de la Bucure\u0219ti, cu exprimarea \u00eencrederii c\u0103 parteneriatul respectiv va fi dezvoltat \u0219i consolidat.<br \/>\nDialogul s-a axat pe problematica transnistrean\u0103, realiz\u0103rile recent marcate \u00een procesul de negocieri \u0219i \u00een implementarea deciziilor protocolare semnate \u00een anii 2017-2018 \u00eentre Chi\u0219in\u0103u \u0219i Tiraspol, cu men\u021bionarea punerii \u00een aplicare a mecanismului de documentare cu pl\u0103ci neutre a autovehiculelor din regiunea transnistrean\u0103 \u0219i a mecanismului de apostilare a diplomelor neutre eliberate de Universitatea ,,Taras \u0218evcenco\u201d din Tiraspol, relu\u0103rii accesului la terenurile agricole amplasate dup\u0103 traseul Camenca-Tiraspol, asigur\u0103rii liberei circula\u021bii a elevilor \u0219i cadrelor didactice din \u0219colile cu predare \u00een grafia latin\u0103 din regiune \u00een baza carnetelor de elev \u0219i a legitima\u021biilor de serviciu.<br \/>\nDe asemenea, s-a punctat faptul c\u0103 \u00een procesul de negocieri, partea moldoveneasc\u0103 va insista pe abordarea concomitent\u0103 \u0219i necondi\u021bionat\u0103 a subiectelor ce se con\u021bin \u00een toate cele trei co\u0219uri de pe agenda de negocieri, \u00een conformitate cu cele convenite \u00een textul Declara\u021biei Consiliului Ministerial al OSCE cu privire la evolu\u021biile procesului de reglementare a conflictului transnistrean \u00een formatul \u201e5+2\u201d.<br \/>\nDl Adrian S\u00e2rbu a precizat c\u0103 autorit\u0103\u021bile de la Bucure\u0219ti sunt deosebit de interesate de aspectele \u0219i evolu\u021biile ce au loc pe dosarul transnistrean, exprim\u00e2nd continua disponibilitate de a men\u021bine o comunicare permanent\u0103 \u00een acest sens \u0219i de a contribui cu asisten\u021ba necesar\u0103 \u00een vederea sprijinirii procesului de reglementare \u0219i promov\u0103rii politicilor de reintegrare a \u021b\u0103rii.<br \/>\nLa r\u00e2ndul s\u0103u, dl Marian Gherman a reiterat deplina deschidere a Biroului \u00eentru a men\u021bine \u0219i a fortifica o cooperare eficient\u0103 \u0219i focusat\u0103 pe aspecte de interes comun, \u00een beneficiul cet\u0103\u021benilor de pe ambele maluri ale Prutului \u0219i Nistrului.<\/p>\n<p>Sursa:\u00a0<a href=\"https:\/\/gov.md\/ro\/content\/vizita-de-curtoazie-la-biroul-politici-de-reintegrare-noului-ministru-plenipotentiar-din\">https:\/\/gov.md\/<\/a><\/p>\n","protected":false},"excerpt":{"rendered":"<p>\u0218eful Biroului politici de reintegrare, dl Marian Gherman, s-a \u00eent\u00e2lnit ast\u0103zi cu dl Adrian S\u00eerbu, noul ministru plenipoten\u021biar din cadrul Ambasadei Rom\u00e2niei \u00een Republica Moldova, cu ocazia \u00eenceperii mandatului s\u0103u la Chi\u0219in\u0103u. \u00cen debutul \u00eentrevederii, \u0219eful Biroului l-a felicitat pe dl Adrian S\u00e2rbu \u00een leg\u0103tur\u0103 cu nominalizarea \u00een pozi\u021bia de ministru plenipoten\u021biar, a salutat preluarea&#8230;<\/p>\n","protected":false},"author":2,"featured_media":0,"comment_status":"closed","ping_status":"open","sticky":false,"template":"","format":"standard","meta":[],"categories":[1],"tags":[],"_links":{"self":[{"href":"https:\/\/centers.ulbsibiu.ro\/ccsprise\/lact\/wp-json\/wp\/v2\/posts\/5825"}],"collection":[{"href":"https:\/\/centers.ulbsibiu.ro\/ccsprise\/lact\/wp-json\/wp\/v2\/posts"}],"about":[{"href":"https:\/\/centers.ulbsibiu.ro\/ccsprise\/lact\/wp-json\/wp\/v2\/types\/post"}],"author":[{"embeddable":true,"href":"https:\/\/centers.ulbsibiu.ro\/ccsprise\/lact\/wp-json\/wp\/v2\/users\/2"}],"replies":[{"embeddable":true,"href":"https:\/\/centers.ulbsibiu.ro\/ccsprise\/lact\/wp-json\/wp\/v2\/comments?post=5825"}],"version-history":[{"count":1,"href":"https:\/\/centers.ulbsibiu.ro\/ccsprise\/lact\/wp-json\/wp\/v2\/posts\/5825\/revisions"}],"predecessor-version":[{"id":5826,"href":"https:\/\/centers.ulbsibiu.ro\/ccsprise\/lact\/wp-json\/wp\/v2\/posts\/5825\/revisions\/5826"}],"wp:attachment":[{"href":"https:\/\/centers.ulbsibiu.ro\/ccsprise\/lact\/wp-json\/wp\/v2\/media?parent=5825"}],"wp:term":[{"taxonomy":"category","embeddable":true,"href":"https:\/\/centers.ulbsibiu.ro\/ccsprise\/lact\/wp-json\/wp\/v2\/categories?post=5825"},{"taxonomy":"post_tag","embeddable":true,"href":"https:\/\/centers.ulbsibiu.ro\/ccsprise\/lact\/wp-json\/wp\/v2\/tags?post=5825"}],"curies":[{"name":"wp","href":"https:\/\/api.w.org\/{rel}","templated":true}]}}