{"id":5823,"date":"2019-01-18T19:15:02","date_gmt":"2019-01-18T17:15:02","guid":{"rendered":"https:\/\/centers.ulbsibiu.ro\/ccsprise\/lact\/?p=5823"},"modified":"2019-01-18T19:15:02","modified_gmt":"2019-01-18T17:15:02","slug":"infotag-md-presedintele-igor-dodon-considera-ca-au-fost-create-premise-favorabile-pentru-reglementarea-transnistreana","status":"publish","type":"post","link":"https:\/\/centers.ulbsibiu.ro\/ccsprise\/lact\/infotag-md-presedintele-igor-dodon-considera-ca-au-fost-create-premise-favorabile-pentru-reglementarea-transnistreana\/","title":{"rendered":"Infotag.md &#8211; PRE\u015eEDINTELE IGOR DODON CONSIDER\u0102 C\u0102 AU FOST CREATE PREMISE FAVORABILE PENTRU REGLEMENTAREA TRANSNISTREAN\u0102"},"content":{"rendered":"<p>Pre\u015fedintele Igor Dodon consider\u0103 c\u0103 au fost create premise favorabile pentru reglementarea transnistrean\u0103. Potrivit agen\u0163iei INFOTAG, despre aceasta el a scris pe pagina sa de facebook, unde a comunicat despre \u00eentrevederea pe care a avut-o vineri cu pre\u0219edintele \u00een exerci\u021biu al OSCE, ministrul Afacerilor Externe \u0219i Europene al Slovaciei, Miroslav Lajcak.<\/p>\n<p>\u201eAm atras aten\u021bia pre\u0219edintelui \u00een exerci\u021biu al OSCE asupra progreselor substan\u021biale \u00eenregistrate \u00een ultimii ani \u00een cadrul programului de implementare a m\u0103surilor de consolidare a \u00eencrederii \u00eentre cele dou\u0103 maluri ale Nistrului\u201d, a men\u0163ionat Dodon.<\/p>\n<p>Potrivit lui, \u00een cadrul recentei \u00eentrevederi cu conducerea Transnistriei, aceasta din urm\u0103 a dat asigur\u0103ri c\u0103 nu le vor fi create impedimente cet\u0103\u021benilor Republicii Moldova care tr\u0103iesc \u00een regiunea transnistrean\u0103 \u015fi doresc s\u0103 participe la alegerile parlamentare din Moldova.<\/p>\n<p>\u201cTotodat\u0103, a fost men\u021bionat faptul c\u0103 au ap\u0103rut circumstan\u021be favorabile realiz\u0103rii programului de m\u0103suri de consolidare a \u00eencrederii, precum \u0219i relu\u0103rii consult\u0103rilor politice privind procesul de reglementare a diferendului transnistrean \u00een formatul \u201d5+2\u201d \u201d, a eviden\u0163iat Pre\u015fedintele.<\/p>\n<p>El a confirmat disponibilitatea de a construi rela\u021bii str\u00e2nse cu Pre\u0219edin\u021bia slovac\u0103 a OSCE \u0219i cu Misiunea OSCE \u00een Republica Moldova.<\/p>\n<p>\u201eAm reiterat faptul c\u0103 promovarea unei politici externe echilibrate de c\u0103tre Republica Moldova, deschide noi perspective de intensificare a dialogului \u0219i ob\u021binerea unui consens la nivel interna\u021bional \u00een implementarea conceptului &#8220;Pachetului Mare pentru Moldova&#8221;, ceea ce, la r\u00e2ndul s\u0103u, va contribui la consolidarea stabilit\u0103\u021bii \u0219i securit\u0103\u021bii \u00een aceast\u0103 regiune a Europei\u201d, a declarat Dodon.<\/p>\n<p>Dup\u0103 cum a informat anterior INFOTAG, Miroslav Lajcak se afl\u0103 \u00een Moldova \u00een prima sa vizit\u0103 \u00een calitate de pre\u015fedinte \u00een exerci\u0163iu al OSCE \u00een anul 2019. El s-a \u00eent\u00e2lnit deja cu conducerea Moldovei, iar \u00een a doua jum\u0103tate a zilei va avea discu\u0163ii cu liderii din Transnistria.<\/p>\n<p>Sursa:\u00a0<a href=\"http:\/\/www.infotag.md\/rebelion-ro\/271319\/\">http:\/\/www.infotag.md\/<\/a><\/p>\n","protected":false},"excerpt":{"rendered":"<p>Pre\u015fedintele Igor Dodon consider\u0103 c\u0103 au fost create premise favorabile pentru reglementarea transnistrean\u0103. Potrivit agen\u0163iei INFOTAG, despre aceasta el a scris pe pagina sa de facebook, unde a comunicat despre \u00eentrevederea pe care a avut-o vineri cu pre\u0219edintele \u00een exerci\u021biu al OSCE, ministrul Afacerilor Externe \u0219i Europene al Slovaciei, Miroslav Lajcak. \u201eAm atras aten\u021bia pre\u0219edintelui&#8230;<\/p>\n","protected":false},"author":2,"featured_media":0,"comment_status":"closed","ping_status":"open","sticky":false,"template":"","format":"standard","meta":[],"categories":[1],"tags":[],"_links":{"self":[{"href":"https:\/\/centers.ulbsibiu.ro\/ccsprise\/lact\/wp-json\/wp\/v2\/posts\/5823"}],"collection":[{"href":"https:\/\/centers.ulbsibiu.ro\/ccsprise\/lact\/wp-json\/wp\/v2\/posts"}],"about":[{"href":"https:\/\/centers.ulbsibiu.ro\/ccsprise\/lact\/wp-json\/wp\/v2\/types\/post"}],"author":[{"embeddable":true,"href":"https:\/\/centers.ulbsibiu.ro\/ccsprise\/lact\/wp-json\/wp\/v2\/users\/2"}],"replies":[{"embeddable":true,"href":"https:\/\/centers.ulbsibiu.ro\/ccsprise\/lact\/wp-json\/wp\/v2\/comments?post=5823"}],"version-history":[{"count":1,"href":"https:\/\/centers.ulbsibiu.ro\/ccsprise\/lact\/wp-json\/wp\/v2\/posts\/5823\/revisions"}],"predecessor-version":[{"id":5824,"href":"https:\/\/centers.ulbsibiu.ro\/ccsprise\/lact\/wp-json\/wp\/v2\/posts\/5823\/revisions\/5824"}],"wp:attachment":[{"href":"https:\/\/centers.ulbsibiu.ro\/ccsprise\/lact\/wp-json\/wp\/v2\/media?parent=5823"}],"wp:term":[{"taxonomy":"category","embeddable":true,"href":"https:\/\/centers.ulbsibiu.ro\/ccsprise\/lact\/wp-json\/wp\/v2\/categories?post=5823"},{"taxonomy":"post_tag","embeddable":true,"href":"https:\/\/centers.ulbsibiu.ro\/ccsprise\/lact\/wp-json\/wp\/v2\/tags?post=5823"}],"curies":[{"name":"wp","href":"https:\/\/api.w.org\/{rel}","templated":true}]}}