{"id":5821,"date":"2019-01-18T19:09:59","date_gmt":"2019-01-18T17:09:59","guid":{"rendered":"https:\/\/centers.ulbsibiu.ro\/ccsprise\/lact\/?p=5821"},"modified":"2019-01-18T19:09:59","modified_gmt":"2019-01-18T17:09:59","slug":"gov-md-noi-propuneri-pentru-eficientizarea-activitatii-comisiei-unificate-de-control","status":"publish","type":"post","link":"https:\/\/centers.ulbsibiu.ro\/ccsprise\/lact\/gov-md-noi-propuneri-pentru-eficientizarea-activitatii-comisiei-unificate-de-control\/","title":{"rendered":"Gov.md &#8211; Noi propuneri pentru eficientizarea activit\u0103\u021bii Comisiei Unificate de Control"},"content":{"rendered":"<p>Delega\u021bia Republicii Moldova \u00een Comisia Unificat\u0103 de Control, care a condus \u0219edin\u021ba Comisiei din 17 ianuarie, a sugerat o nou\u0103 abordare \u00een organizarea reuniunilor de lucru ale CUC, care s\u0103 sporeasc\u0103 eficien\u021ba acestora. \u00cen primul r\u00e2nd, s-a propus planificarea anual\u0103 a subiectelor-cheie pentru discu\u021bie. De asemenea, s-a accentuat importan\u021ba de a folosi la maxim instrumentul \u00eentrevederilor la nivel de copre\u0219edin\u021bi cu participarea a c\u00e2te unui reprezentant din partea Misiunii OSCE \u0219i Ucrainei.<br \/>\nAceste propuneri au fost formulate ca urmare a impasului \u00een care s-a ajuns prin blocarea includerii pe agenda Comisiei a subiectului (promovat de delega\u021bia Republicii Moldova) privind \u00eembun\u0103t\u0103\u021birea procedurilor de monitorizare a Zonei de Securitate. Celelalte componente urmeaz\u0103 s\u0103-\u0219i expun\u0103 opinia la viitoarele \u0219edin\u021be.<br \/>\nReamintim c\u0103, \u00een ultima perioad\u0103 delega\u021bia noastr\u0103 a depus numeroase eforturi s\u0103 conving\u0103 interlocutorii de faptul c\u0103 implementarea unui asemenea monitoring nu va cauza modificarea formatului misiunii de pacificare, iar elaborarea acestuia este stringent\u0103 \u0219i va cre\u0219te nivelul de siguran\u021b\u0103 pentru toate p\u0103r\u021bile vizate, \u00een sensul evit\u0103rii unor \u00eenc\u0103lc\u0103ri \u00een Zona de Securitate.<br \/>\nAv\u00e2nd \u00een vedere c\u0103, potrivit regulamentului Comisiei, formarea ordinii de zi a \u0219edin\u021belor de lucru are loc pe baz\u0103 de consens al p\u0103r\u021bilor, aceast\u0103 problem\u0103 nu a fost inclus\u0103 \u00een agend\u0103, din cauza opunerii Tiraspolului.<br \/>\nCu toate acestea, reprezentan\u021bii Ucrainei \u0219i-au reiterat sus\u021binerea demersului delega\u021biei Republicii Moldova, iar Misiunea OSCE \u0219i-a ar\u0103tat disponibilitatea de a efectua o expertiz\u0103 de profil \u0219i de a prezenta recomand\u0103ri de rigoare, \u00een cazul \u00een care p\u0103r\u021bile vor ajunge la un consens ce ar permite demararea procedurilor de elaborare a mecanismului.<br \/>\n\u00cen cadrul \u0219edin\u021bei a continuat audierea comandan\u021bilor militari \u0219i examinarea evolu\u021biei discu\u021biilor pe subiectele restante. Astfel, s-a constatat c\u0103 pe anumite aspecte lucrurile au avansat, ace\u0219tia exprim\u00e2ndu-\u0219i opinia c\u0103 ar putea fi g\u0103sit\u0103 o pozi\u021bia agreabil\u0103 pentru p\u0103r\u021bi.<br \/>\nComisia a luat act de raportul s\u0103pt\u0103m\u00e2nal al Comandamentului Militar \u00centrunit pentru perioada 9-15 ianuarie curent.<br \/>\nUrm\u0103toarea reuniune a Comisiei Unificate de Control este programat\u0103 pentru 24 ianuarie curent, \u00een ora\u0219ul Bender.<\/p>\n<p>Delega\u021bia Republicii Moldova \u00een Comisia Unificat\u0103 de Control<\/p>\n<p>&nbsp;<\/p>\n<p>Sursa:\u00a0<a href=\"https:\/\/gov.md\/ro\/content\/noi-propuneri-pentru-eficientizarea-activitatii-comisiei-unificate-de-control\">https:\/\/gov.md\/<\/a><\/p>\n","protected":false},"excerpt":{"rendered":"<p>Delega\u021bia Republicii Moldova \u00een Comisia Unificat\u0103 de Control, care a condus \u0219edin\u021ba Comisiei din 17 ianuarie, a sugerat o nou\u0103 abordare \u00een organizarea reuniunilor de lucru ale CUC, care s\u0103 sporeasc\u0103 eficien\u021ba acestora. \u00cen primul r\u00e2nd, s-a propus planificarea anual\u0103 a subiectelor-cheie pentru discu\u021bie. De asemenea, s-a accentuat importan\u021ba de a folosi la maxim instrumentul&#8230;<\/p>\n","protected":false},"author":2,"featured_media":0,"comment_status":"closed","ping_status":"open","sticky":false,"template":"","format":"standard","meta":[],"categories":[1],"tags":[],"_links":{"self":[{"href":"https:\/\/centers.ulbsibiu.ro\/ccsprise\/lact\/wp-json\/wp\/v2\/posts\/5821"}],"collection":[{"href":"https:\/\/centers.ulbsibiu.ro\/ccsprise\/lact\/wp-json\/wp\/v2\/posts"}],"about":[{"href":"https:\/\/centers.ulbsibiu.ro\/ccsprise\/lact\/wp-json\/wp\/v2\/types\/post"}],"author":[{"embeddable":true,"href":"https:\/\/centers.ulbsibiu.ro\/ccsprise\/lact\/wp-json\/wp\/v2\/users\/2"}],"replies":[{"embeddable":true,"href":"https:\/\/centers.ulbsibiu.ro\/ccsprise\/lact\/wp-json\/wp\/v2\/comments?post=5821"}],"version-history":[{"count":1,"href":"https:\/\/centers.ulbsibiu.ro\/ccsprise\/lact\/wp-json\/wp\/v2\/posts\/5821\/revisions"}],"predecessor-version":[{"id":5822,"href":"https:\/\/centers.ulbsibiu.ro\/ccsprise\/lact\/wp-json\/wp\/v2\/posts\/5821\/revisions\/5822"}],"wp:attachment":[{"href":"https:\/\/centers.ulbsibiu.ro\/ccsprise\/lact\/wp-json\/wp\/v2\/media?parent=5821"}],"wp:term":[{"taxonomy":"category","embeddable":true,"href":"https:\/\/centers.ulbsibiu.ro\/ccsprise\/lact\/wp-json\/wp\/v2\/categories?post=5821"},{"taxonomy":"post_tag","embeddable":true,"href":"https:\/\/centers.ulbsibiu.ro\/ccsprise\/lact\/wp-json\/wp\/v2\/tags?post=5821"}],"curies":[{"name":"wp","href":"https:\/\/api.w.org\/{rel}","templated":true}]}}