{"id":5819,"date":"2019-01-18T19:07:56","date_gmt":"2019-01-18T17:07:56","guid":{"rendered":"https:\/\/centers.ulbsibiu.ro\/ccsprise\/lact\/?p=5819"},"modified":"2019-01-18T19:07:56","modified_gmt":"2019-01-18T17:07:56","slug":"publika-md-presedintele-in-exercitiu-al-osce-in-dialog-cu-pavel-filip-apreciem-progresele-autoritatilor-si-consolidarea-increderii-dintre-cele-doua-maluri-ale-nistrului","status":"publish","type":"post","link":"https:\/\/centers.ulbsibiu.ro\/ccsprise\/lact\/publika-md-presedintele-in-exercitiu-al-osce-in-dialog-cu-pavel-filip-apreciem-progresele-autoritatilor-si-consolidarea-increderii-dintre-cele-doua-maluri-ale-nistrului\/","title":{"rendered":"Publika.md &#8211; Pre\u0219edintele \u00een exerci\u021biu al OSCE, \u00een dialog cu Pavel Filip: Apreciem progresele autorit\u0103\u021bilor \u015fi consolidarea \u00eencrederii dintre cele dou\u0103 maluri ale Nistrului"},"content":{"rendered":"<p>Prim-ministrul Pavel Filip a avut ast\u0103zi o \u00eentrevedere cu pre\u0219edintele \u00een exerci\u021biu al OSCE, Miroslav Lajcak. Premierul a spus c\u0103 acestuia \u00eei revine o misiune dificil\u0103 \u00een 2019, dat fiind mediul de securitate instabil. Pavel Filip \u0219i-a exprimat \u00eencrederea c\u0103 prin eforturi comune va fi dezvoltat\u0103 o colaborare eficient\u0103 pentrudinamizarea dialogului \u00een cadrul negocierilor politice \u0219i avans\u0103rii \u00een procesul de reglementare transnistrean\u0103.<br \/>\n\u201eNe dorim s\u0103 avans\u0103m c\u00e2t mai mult \u00een solu\u021bionarea problemei transnistrene \u0219i v\u0103 asigur de toat\u0103 deschiderea \u0219i implicarea \u00een acest sens. Am demonstrat pe parcursul mandatului c\u0103 putem demonstra leadership \u00een identificarea solu\u021biilor \u00een confortul cet\u0103\u021benilor. A\u0219a cum oamenii sunt prioritari pentru noi\u201d, a spus Pavel Filip. \u00cen perioada 2017-2018 fiind semnate mai multe protocoale cu impact asupra popula\u021biei din st\u00e2nga Nistrului.<br \/>\nPre\u0219edintele \u00een exerci\u021biu al OSCE, Miroslav Lajcak, a spus c\u0103 progresele vizibile ale autorit\u0103\u021bilor \u00een consolidarea \u00eencrederii dintre cele dou\u0103 maluri ale Nistrului sunt recunoscute \u0219i apreciate de comunitatea interna\u021bional\u0103.<br \/>\nOficialul s-a pronun\u021bat pentru continuarea acestui curs. Miroslav Lajcak a men\u021bionat c\u0103 pre\u0219edin\u021bia slovac\u0103 a OSCE pentru 2019 se desf\u0103\u0219oar\u0103 sub sloganul\u201e Pentru oameni, dialog \u0219i stabilitate\u201d \u0219i o aten\u021bie aparte este acordat\u0103 prevenirii, medierii \u0219i atenu\u0103rii conflictelor.<br \/>\nPavel Filip \u0219i-a exprimat \u00eengrijorarea \u00een leg\u0103tur\u0103 cu 2 subiecte: situa\u021bia de la depozitul de muni\u021bii din Colbasna, care reprezint\u0103 o amenin\u021bare pentru Republica Moldova \u0219i Ucraina, \u0219i exerci\u021biile militare \u00een zona de securitate.<br \/>\nPremierul a solicitat ca OSCE \u00een calitatea sa de mediator s\u0103 contribuie la revenirea situa\u021biei \u00een albia normalit\u0103\u021bii \u0219i s\u0103 promoveze obiectivele comune privind necesitatea retragerii ne\u00eent\u00e2rziate a for\u021belor militare str\u0103ine \u0219i muni\u021biilor de pe teritoriul Republicii Moldova.<\/p>\n<p>Cite\u0219te mai mult:\u00a0<a href=\"https:\/\/www.publika.md\/presedintele-in-exercitiu-al-osce-in-dialog-cu-pavel-filip-apreciem-progresele-autoritatilor-si-consolidarea-increderii-dintre-cele-doua-maluri-ale-nistrului_3031214.html\">https:\/\/www.publika.md<\/a><br \/>\nFollow us: @publikatv on Twitter | publika.md on Facebook<\/p>\n","protected":false},"excerpt":{"rendered":"<p>Prim-ministrul Pavel Filip a avut ast\u0103zi o \u00eentrevedere cu pre\u0219edintele \u00een exerci\u021biu al OSCE, Miroslav Lajcak. Premierul a spus c\u0103 acestuia \u00eei revine o misiune dificil\u0103 \u00een 2019, dat fiind mediul de securitate instabil. Pavel Filip \u0219i-a exprimat \u00eencrederea c\u0103 prin eforturi comune va fi dezvoltat\u0103 o colaborare eficient\u0103 pentrudinamizarea dialogului \u00een cadrul negocierilor politice&#8230;<\/p>\n","protected":false},"author":2,"featured_media":0,"comment_status":"closed","ping_status":"open","sticky":false,"template":"","format":"standard","meta":[],"categories":[1],"tags":[],"_links":{"self":[{"href":"https:\/\/centers.ulbsibiu.ro\/ccsprise\/lact\/wp-json\/wp\/v2\/posts\/5819"}],"collection":[{"href":"https:\/\/centers.ulbsibiu.ro\/ccsprise\/lact\/wp-json\/wp\/v2\/posts"}],"about":[{"href":"https:\/\/centers.ulbsibiu.ro\/ccsprise\/lact\/wp-json\/wp\/v2\/types\/post"}],"author":[{"embeddable":true,"href":"https:\/\/centers.ulbsibiu.ro\/ccsprise\/lact\/wp-json\/wp\/v2\/users\/2"}],"replies":[{"embeddable":true,"href":"https:\/\/centers.ulbsibiu.ro\/ccsprise\/lact\/wp-json\/wp\/v2\/comments?post=5819"}],"version-history":[{"count":1,"href":"https:\/\/centers.ulbsibiu.ro\/ccsprise\/lact\/wp-json\/wp\/v2\/posts\/5819\/revisions"}],"predecessor-version":[{"id":5820,"href":"https:\/\/centers.ulbsibiu.ro\/ccsprise\/lact\/wp-json\/wp\/v2\/posts\/5819\/revisions\/5820"}],"wp:attachment":[{"href":"https:\/\/centers.ulbsibiu.ro\/ccsprise\/lact\/wp-json\/wp\/v2\/media?parent=5819"}],"wp:term":[{"taxonomy":"category","embeddable":true,"href":"https:\/\/centers.ulbsibiu.ro\/ccsprise\/lact\/wp-json\/wp\/v2\/categories?post=5819"},{"taxonomy":"post_tag","embeddable":true,"href":"https:\/\/centers.ulbsibiu.ro\/ccsprise\/lact\/wp-json\/wp\/v2\/tags?post=5819"}],"curies":[{"name":"wp","href":"https:\/\/api.w.org\/{rel}","templated":true}]}}