{"id":5813,"date":"2019-01-16T20:23:38","date_gmt":"2019-01-16T18:23:38","guid":{"rendered":"https:\/\/centers.ulbsibiu.ro\/ccsprise\/lact\/?p=5813"},"modified":"2019-01-16T20:23:38","modified_gmt":"2019-01-16T18:23:38","slug":"deschide-md-bucurie-la-tiraspol-frattini-ramane-reprezentant-al-osce-pentru-transnistria-in-anul-2019","status":"publish","type":"post","link":"https:\/\/centers.ulbsibiu.ro\/ccsprise\/lact\/deschide-md-bucurie-la-tiraspol-frattini-ramane-reprezentant-al-osce-pentru-transnistria-in-anul-2019\/","title":{"rendered":"Deschide.md &#8211; Bucurie la Tiraspol. Frattini r\u0103m\u00e2ne reprezentant al OSCE pentru Transnistria \u00een anul 2019"},"content":{"rendered":"<p>Author: Vadim Vasiliu<\/p>\n<p>\u0218eful Misiunii OSCE \u00een Republica Moldova, Klaus Neukirch, a declarat la Tiraspol, c\u0103 italianul Franco Frattini va \u00eendeplini func\u021bia de reprezentant al OSCE pentru reglementarea transnistrean\u0103 \u00een anul 2019. Decizia a fost salutat\u0103 de pretinsul ministru de externe din regiunea separatist\u0103, Vitali Ignatiev.<br \/>\nAfl\u00e2ndu-se \u00eentr-o vizit\u0103 la Tiraspol, Klaus Neukirch a informat negociatorii din partea separati\u0219tilor c\u0103 italianul Franco Frattini va r\u0103m\u00e2n\u0103 \u00een func\u021bia de reprezentant al OSCE pentru Transnistria \u0219i \u00een anul 2019, chiar dac\u0103 Italia \u0219i-a predat pre\u0219edin\u021bia la OSCE Slovaciei. Aceast\u0103 informa\u021bie a fost salutat\u0103 de partea transnistrean\u0103.<br \/>\n\u201eSalut\u0103m aceast\u0103 decizie. Vom continua s\u0103 colabor\u0103m cu domnul Frattini \u00een cadrul acelor parametri pe care i-am definit deja \u0219i care \u0219i-au demonstrat eficien\u021ba \u00een anul trecut\u201d, a declarat Vitali Ignatiev, pretinsul ministru de externe al regiunii separatiste Transnistria.<\/p>\n<p>Textul complet:\u00a0<a href=\"https:\/\/deschide.md\/ro\/stiri\/politic\/42801\/Bucurie-la-Tiraspol-Frattini-r\u0103m\u00e2ne-reprezentant-al-OSCE-pentru-Transnistria-\u00een-anul-2019.htm\">https:\/\/deschide.md\/<\/a><\/p>\n","protected":false},"excerpt":{"rendered":"<p>Author: Vadim Vasiliu \u0218eful Misiunii OSCE \u00een Republica Moldova, Klaus Neukirch, a declarat la Tiraspol, c\u0103 italianul Franco Frattini va \u00eendeplini func\u021bia de reprezentant al OSCE pentru reglementarea transnistrean\u0103 \u00een anul 2019. Decizia a fost salutat\u0103 de pretinsul ministru de externe din regiunea separatist\u0103, Vitali Ignatiev. Afl\u00e2ndu-se \u00eentr-o vizit\u0103 la Tiraspol, Klaus Neukirch a informat&#8230;<\/p>\n","protected":false},"author":2,"featured_media":0,"comment_status":"closed","ping_status":"open","sticky":false,"template":"","format":"standard","meta":[],"categories":[1],"tags":[],"_links":{"self":[{"href":"https:\/\/centers.ulbsibiu.ro\/ccsprise\/lact\/wp-json\/wp\/v2\/posts\/5813"}],"collection":[{"href":"https:\/\/centers.ulbsibiu.ro\/ccsprise\/lact\/wp-json\/wp\/v2\/posts"}],"about":[{"href":"https:\/\/centers.ulbsibiu.ro\/ccsprise\/lact\/wp-json\/wp\/v2\/types\/post"}],"author":[{"embeddable":true,"href":"https:\/\/centers.ulbsibiu.ro\/ccsprise\/lact\/wp-json\/wp\/v2\/users\/2"}],"replies":[{"embeddable":true,"href":"https:\/\/centers.ulbsibiu.ro\/ccsprise\/lact\/wp-json\/wp\/v2\/comments?post=5813"}],"version-history":[{"count":1,"href":"https:\/\/centers.ulbsibiu.ro\/ccsprise\/lact\/wp-json\/wp\/v2\/posts\/5813\/revisions"}],"predecessor-version":[{"id":5814,"href":"https:\/\/centers.ulbsibiu.ro\/ccsprise\/lact\/wp-json\/wp\/v2\/posts\/5813\/revisions\/5814"}],"wp:attachment":[{"href":"https:\/\/centers.ulbsibiu.ro\/ccsprise\/lact\/wp-json\/wp\/v2\/media?parent=5813"}],"wp:term":[{"taxonomy":"category","embeddable":true,"href":"https:\/\/centers.ulbsibiu.ro\/ccsprise\/lact\/wp-json\/wp\/v2\/categories?post=5813"},{"taxonomy":"post_tag","embeddable":true,"href":"https:\/\/centers.ulbsibiu.ro\/ccsprise\/lact\/wp-json\/wp\/v2\/tags?post=5813"}],"curies":[{"name":"wp","href":"https:\/\/api.w.org\/{rel}","templated":true}]}}