{"id":5811,"date":"2019-01-16T20:19:54","date_gmt":"2019-01-16T18:19:54","guid":{"rendered":"https:\/\/centers.ulbsibiu.ro\/ccsprise\/lact\/?p=5811"},"modified":"2019-01-16T20:19:54","modified_gmt":"2019-01-16T18:19:54","slug":"noi-md-transnistria-si-rossotrudnicestvo-au-stabilit-un-plan-de-cooperare-pentru-2019","status":"publish","type":"post","link":"https:\/\/centers.ulbsibiu.ro\/ccsprise\/lact\/noi-md-transnistria-si-rossotrudnicestvo-au-stabilit-un-plan-de-cooperare-pentru-2019\/","title":{"rendered":"Noi.md &#8211; Transnistria \u0219i Rossotrudnicestvo au stabilit un plan de cooperare pentru 2019"},"content":{"rendered":"<p>Autorit\u0103\u021bile transnistrene \u0219i agen\u0163ia rus\u0103 Rossotrudnicestvo au stabilit un plan de cooperare pentru anul 2019.<\/p>\n<p>Acest lucru a fost discutat \u00een cadrul unei \u00eentrevederi dintre pre\u0219edintele Republicii Moldovene\u0219ti Nistrene nerecunoscute, Vadim Krasnoselski, \u015fi conducerea reprezentan\u021bei Rossotrudnicestvo, transmite Noi.md.<\/p>\n<p>\u00cen mesajul s\u0103u de salut adresat \u0219efului Agen\u021biei Federale pentru Comunitatea Statelor Independente, compatrio\u021bilor din str\u0103in\u0103tate \u0219i cooper\u0103rii interna\u021bionale umanitare \u00een Moldova, Mihail Dav\u00eedov, Vadim Krasnoselski a men\u021bionat c\u0103 scopul \u00eentrevederii a fost acela de a schi\u021ba un plan de cooperare pentru 2019.<\/p>\n<p>La Chi\u015fin\u0103u, a avut loc prezentarea Programului de Cooperare Moldova-Rusia Mihail Dav\u00eedov, dup\u0103 ce i-a mul\u0163umit lui Vadim Krasnoselski pentru ocazia de a discuta problemele actuale ale cooper\u0103rii bilaterale, a men\u021bionat c\u0103 \u00een acest an Transnistria \u0219i Rossotrudnicestvo trebuie s\u0103 rezolve o gam\u0103 larg\u0103 de sarcini \u00een diferite domenii.<\/p>\n<p>Potrivit acestuia, la elaborarea planului de activit\u0103\u021bi comune au fost luate \u00een seam\u0103 propunerile p\u0103r\u0163ii transnistrene.<\/p>\n<p>\u201eLa momentul actual exist\u0103 toate motivele pentru realizarea lor&#8221;, a declarat Mihail Dav\u00eedov. Interlocutorii au fost de acord cu necesitatea unei dezvolt\u0103rii progresive a contactelor \u00een vederea extinderii listei proiectelor \u0219i ini\u021biativelor comune, care ar consolida leg\u0103turile umanitare dintre Transnistria \u0219i Federa\u021bia Rus\u0103.<\/p>\n<p>La sf\u00eer\u0219itul dialogului, participan\u021bii la \u00eentrevedere \u0219i-au exprimat dorin\u021ba de a men\u021bine o comunicare direct\u0103 cu privire la toate problemele de actualitate.<\/p>\n<p>Cite\u0219te mai mult:\u00a0<a href=\"https:\/\/noi.md\/md\/transnistria\/transnistria-si-rossotrudnicestvo-au-stabilit-un-plan-de-cooperare-pentru-2019?fbclid=IwAR2mcl_kTbl173CbZJMnsIjOTNtKfyWGe7uvmiDd0gc_GlQ7JctqlBKLjXA\">https:\/\/noi.md\/<\/a><br \/>\nFacebook: NOI.md | Odnoklassniki: Noi.Moldova<\/p>\n","protected":false},"excerpt":{"rendered":"<p>Autorit\u0103\u021bile transnistrene \u0219i agen\u0163ia rus\u0103 Rossotrudnicestvo au stabilit un plan de cooperare pentru anul 2019. Acest lucru a fost discutat \u00een cadrul unei \u00eentrevederi dintre pre\u0219edintele Republicii Moldovene\u0219ti Nistrene nerecunoscute, Vadim Krasnoselski, \u015fi conducerea reprezentan\u021bei Rossotrudnicestvo, transmite Noi.md. \u00cen mesajul s\u0103u de salut adresat \u0219efului Agen\u021biei Federale pentru Comunitatea Statelor Independente, compatrio\u021bilor din str\u0103in\u0103tate \u0219i&#8230;<\/p>\n","protected":false},"author":2,"featured_media":0,"comment_status":"closed","ping_status":"open","sticky":false,"template":"","format":"standard","meta":[],"categories":[1],"tags":[],"_links":{"self":[{"href":"https:\/\/centers.ulbsibiu.ro\/ccsprise\/lact\/wp-json\/wp\/v2\/posts\/5811"}],"collection":[{"href":"https:\/\/centers.ulbsibiu.ro\/ccsprise\/lact\/wp-json\/wp\/v2\/posts"}],"about":[{"href":"https:\/\/centers.ulbsibiu.ro\/ccsprise\/lact\/wp-json\/wp\/v2\/types\/post"}],"author":[{"embeddable":true,"href":"https:\/\/centers.ulbsibiu.ro\/ccsprise\/lact\/wp-json\/wp\/v2\/users\/2"}],"replies":[{"embeddable":true,"href":"https:\/\/centers.ulbsibiu.ro\/ccsprise\/lact\/wp-json\/wp\/v2\/comments?post=5811"}],"version-history":[{"count":1,"href":"https:\/\/centers.ulbsibiu.ro\/ccsprise\/lact\/wp-json\/wp\/v2\/posts\/5811\/revisions"}],"predecessor-version":[{"id":5812,"href":"https:\/\/centers.ulbsibiu.ro\/ccsprise\/lact\/wp-json\/wp\/v2\/posts\/5811\/revisions\/5812"}],"wp:attachment":[{"href":"https:\/\/centers.ulbsibiu.ro\/ccsprise\/lact\/wp-json\/wp\/v2\/media?parent=5811"}],"wp:term":[{"taxonomy":"category","embeddable":true,"href":"https:\/\/centers.ulbsibiu.ro\/ccsprise\/lact\/wp-json\/wp\/v2\/categories?post=5811"},{"taxonomy":"post_tag","embeddable":true,"href":"https:\/\/centers.ulbsibiu.ro\/ccsprise\/lact\/wp-json\/wp\/v2\/tags?post=5811"}],"curies":[{"name":"wp","href":"https:\/\/api.w.org\/{rel}","templated":true}]}}