{"id":5809,"date":"2019-01-16T20:17:19","date_gmt":"2019-01-16T18:17:19","guid":{"rendered":"https:\/\/centers.ulbsibiu.ro\/ccsprise\/lact\/?p=5809"},"modified":"2019-01-16T20:17:19","modified_gmt":"2019-01-16T18:17:19","slug":"gov-md-biroul-politici-de-reintegrare-in-dialog-cu-misiunea-osce-in-moldova","status":"publish","type":"post","link":"https:\/\/centers.ulbsibiu.ro\/ccsprise\/lact\/gov-md-biroul-politici-de-reintegrare-in-dialog-cu-misiunea-osce-in-moldova\/","title":{"rendered":"Gov.md &#8211; Biroul politici de reintegrare \u00een dialog cu Misiunea OSCE \u00een Moldova"},"content":{"rendered":"<p>La 16 ianuarie curent, a avut loc prima \u00eentrevedere din anul 2019 a \u0219efului Biroului politici de reintegrare, dl Marian Gherman, cu \u0219eful Misiunii OSCE din Moldova, dl Claus Neukirch. La eveniment au mai participat reprezentan\u021bi ai Biroului \u0219i ai Ministerului Afacerilor Externe \u0219i Integr\u0103rii Europene.<br \/>\n\u00cen cadrul \u00eentrevederii au fost abordate aspecte organizatorice referitor la vizita de lucru a ministrului afacerilor externe \u0219i europene al Republicii Slovace Miroslav Laj\u010d\u00e1k, pe care urmeaz\u0103 s\u0103 o \u00eentreprind\u0103 \u00een timpul apropiat la Chi\u0219in\u0103u \u0219i Tiraspol pentru a efectua consult\u0103ri pe marginea unor subiecte legate de problematica transnistrean\u0103, \u00een contextul prelu\u0103rii de c\u0103tre Slovacia a Pre\u0219edin\u021biei OSCE pe parcursul anului 2019.<br \/>\nEste de men\u021bionat faptul c\u0103 pentru anul \u00een curs Pre\u0219edin\u021bia Republicii Slovace a OSCE \u00ee\u0219i propune s\u0103 promoveze 3 priorit\u0103\u021bi cu genericul:<br \/>\n1. Prevenirea, medierea \u0219i atenuarea conflictului.<br \/>\n2. Asigurarea unui viitor sigur.<br \/>\n3. Multilateralismul eficient.<br \/>\n\u0218eful Misiunii OSCE din Moldova a informat c\u0103 dl Franco Frattini va exercita \u0219i \u00een anul 2019 func\u021bia de Reprezentant special al Pre\u015fedin\u0163iei \u00een exerci\u0163iu a OSCE pentru reglementarea conflictului transnistrean.<br \/>\nDe asemenea, \u00een procesul de dialog s-a discutat situa\u021bia din Zona de Securitate \u0219i aspecte legate de activitatea Comisiei Unificate de Control, fiind reiterat mesajul privind necesitatea monitoriz\u0103rii continue a situa\u021biei din perimetrul de responsabilitate al for\u021belor de pacificare \u0219i a concentr\u0103rii eforturilor pentru a men\u021bine stabilitatea \u00een regiune \u0219i a gestiona eficient problemele \u00een materie de securitate.<br \/>\nTotodat\u0103, \u0219eful Biroului a reiterat necesitatea ca \u00een corespundere cu prevederile pct.6 din Declara\u021bia Consiliului Ministerial al OSCE cu privire la evolu\u021biile procesului de reglementare a conflictului transnistrean \u00een formatul \u201e5+2\u201d, aprobat\u0103 pe 07 decembrie 2018, la Milano, Italia, s\u0103 fie asigurat\u0103 avansarea \u00een procesul de negocieri \u0219i solu\u021bionarea paralel\u0103 a tuturor problemelor ce figureaz\u0103 \u00een cele trei co\u0219uri de pe agenda procesului de negocieri:<br \/>\na) probleme social-economice;<br \/>\nb) aspecte generale de drept, umanitare \u0219i drepturile omului;<br \/>\nc) reglementarea comprehensiv\u0103 a conflictului, inclusiv aspectele institu\u021bionale, politice \u0219i de securitate.<br \/>\nLa final, s-a relevat c\u0103 Biroul va continua s\u0103 asigure sustenabilitatea \u0219i dinamica activit\u0103\u021bilor desf\u0103\u0219urate \u00een anul 2018, fiind exprimate mul\u021bumiri pentru implicarea productiv\u0103 a Misiunii OSCE \u00een calitate de mediator \u00een procesul de negocieri pentru reglementarea transnistrean\u0103.<\/p>\n<p>Sursa:\u00a0<a href=\"https:\/\/gov.md\/ro\/content\/biroul-politici-de-reintegrare-dialog-cu-misiunea-osce-moldova\">https:\/\/gov.md\/<\/a><\/p>\n","protected":false},"excerpt":{"rendered":"<p>La 16 ianuarie curent, a avut loc prima \u00eentrevedere din anul 2019 a \u0219efului Biroului politici de reintegrare, dl Marian Gherman, cu \u0219eful Misiunii OSCE din Moldova, dl Claus Neukirch. La eveniment au mai participat reprezentan\u021bi ai Biroului \u0219i ai Ministerului Afacerilor Externe \u0219i Integr\u0103rii Europene. \u00cen cadrul \u00eentrevederii au fost abordate aspecte organizatorice referitor&#8230;<\/p>\n","protected":false},"author":2,"featured_media":0,"comment_status":"closed","ping_status":"open","sticky":false,"template":"","format":"standard","meta":[],"categories":[1],"tags":[],"_links":{"self":[{"href":"https:\/\/centers.ulbsibiu.ro\/ccsprise\/lact\/wp-json\/wp\/v2\/posts\/5809"}],"collection":[{"href":"https:\/\/centers.ulbsibiu.ro\/ccsprise\/lact\/wp-json\/wp\/v2\/posts"}],"about":[{"href":"https:\/\/centers.ulbsibiu.ro\/ccsprise\/lact\/wp-json\/wp\/v2\/types\/post"}],"author":[{"embeddable":true,"href":"https:\/\/centers.ulbsibiu.ro\/ccsprise\/lact\/wp-json\/wp\/v2\/users\/2"}],"replies":[{"embeddable":true,"href":"https:\/\/centers.ulbsibiu.ro\/ccsprise\/lact\/wp-json\/wp\/v2\/comments?post=5809"}],"version-history":[{"count":1,"href":"https:\/\/centers.ulbsibiu.ro\/ccsprise\/lact\/wp-json\/wp\/v2\/posts\/5809\/revisions"}],"predecessor-version":[{"id":5810,"href":"https:\/\/centers.ulbsibiu.ro\/ccsprise\/lact\/wp-json\/wp\/v2\/posts\/5809\/revisions\/5810"}],"wp:attachment":[{"href":"https:\/\/centers.ulbsibiu.ro\/ccsprise\/lact\/wp-json\/wp\/v2\/media?parent=5809"}],"wp:term":[{"taxonomy":"category","embeddable":true,"href":"https:\/\/centers.ulbsibiu.ro\/ccsprise\/lact\/wp-json\/wp\/v2\/categories?post=5809"},{"taxonomy":"post_tag","embeddable":true,"href":"https:\/\/centers.ulbsibiu.ro\/ccsprise\/lact\/wp-json\/wp\/v2\/tags?post=5809"}],"curies":[{"name":"wp","href":"https:\/\/api.w.org\/{rel}","templated":true}]}}