{"id":5807,"date":"2019-01-15T17:11:05","date_gmt":"2019-01-15T15:11:05","guid":{"rendered":"https:\/\/centers.ulbsibiu.ro\/ccsprise\/lact\/?p=5807"},"modified":"2019-01-15T17:11:05","modified_gmt":"2019-01-15T15:11:05","slug":"deschide-md-apararea-transnistreana-nu-a-depistat-avionul-militar-sua-care-a-survolat-teritoriul-separatist","status":"publish","type":"post","link":"https:\/\/centers.ulbsibiu.ro\/ccsprise\/lact\/deschide-md-apararea-transnistreana-nu-a-depistat-avionul-militar-sua-care-a-survolat-teritoriul-separatist\/","title":{"rendered":"Deschide.md &#8211; \u201eAp\u0103rarea\u201d transnistrean\u0103 nu a depistat avionul militar SUA care a survolat teritoriul separatist"},"content":{"rendered":"<p>Author: Vadim Vasiliu<\/p>\n<p>Pretinsele autorit\u0103\u021bi din Transnistria neag\u0103 faptul c\u0103 un avion de recunoa\u0219tere al SUA a zburat deasupra lor. A\u0219a-zisul minister al ap\u0103r\u0103rii din regiunea separatist\u0103 transnistrean\u0103 nu au depistat un avion de recunoa\u0219tere al SUA care ar fi survolat teritoriul regiunii.<\/p>\n<p>Potrivit pretinsului minister, sistemele de defensiv\u0103 antiaerian\u0103 transnistrene nu au depistat avionul de recunoa\u0219tere al for\u021belor militare americane, transmite novostipmr.com.<\/p>\n<p>Amintim c\u0103 presa ucrainean\u0103 a publicat o \u0219tire din care am aflat c\u0103 avionul de recunoa\u0219tere Beech MC-12W Liberty a survolat regiunea transnistrean\u0103 \u00een diminea\u021ba zilei de 14 ianuarie. Avionul a zburat de-a lungul hotarului regiunii separatiste de la un cap\u0103t la altul. Avionul ar fi intrat pe teritoriul ucrainean la ora 11 diminea\u021ba din Marea Neagr\u0103 \u0219i a intrat imediat \u00een spa\u021biul regiunii separatiste.<\/p>\n<p>Textul complet:\u00a0<a href=\"https:\/\/deschide.md\/ro\/stiri\/politic\/42748\/\u201eAp\u0103rarea\u201d-transnistrean\u0103-nu-a-depistat-avionul-militar-SUA-care-a-survolat-teritoriul-separatist.htm\">https:\/\/deschide.md\/<\/a><\/p>\n","protected":false},"excerpt":{"rendered":"<p>Author: Vadim Vasiliu Pretinsele autorit\u0103\u021bi din Transnistria neag\u0103 faptul c\u0103 un avion de recunoa\u0219tere al SUA a zburat deasupra lor. A\u0219a-zisul minister al ap\u0103r\u0103rii din regiunea separatist\u0103 transnistrean\u0103 nu au depistat un avion de recunoa\u0219tere al SUA care ar fi survolat teritoriul regiunii. Potrivit pretinsului minister, sistemele de defensiv\u0103 antiaerian\u0103 transnistrene nu au depistat avionul&#8230;<\/p>\n","protected":false},"author":2,"featured_media":0,"comment_status":"closed","ping_status":"open","sticky":false,"template":"","format":"standard","meta":[],"categories":[1],"tags":[],"_links":{"self":[{"href":"https:\/\/centers.ulbsibiu.ro\/ccsprise\/lact\/wp-json\/wp\/v2\/posts\/5807"}],"collection":[{"href":"https:\/\/centers.ulbsibiu.ro\/ccsprise\/lact\/wp-json\/wp\/v2\/posts"}],"about":[{"href":"https:\/\/centers.ulbsibiu.ro\/ccsprise\/lact\/wp-json\/wp\/v2\/types\/post"}],"author":[{"embeddable":true,"href":"https:\/\/centers.ulbsibiu.ro\/ccsprise\/lact\/wp-json\/wp\/v2\/users\/2"}],"replies":[{"embeddable":true,"href":"https:\/\/centers.ulbsibiu.ro\/ccsprise\/lact\/wp-json\/wp\/v2\/comments?post=5807"}],"version-history":[{"count":1,"href":"https:\/\/centers.ulbsibiu.ro\/ccsprise\/lact\/wp-json\/wp\/v2\/posts\/5807\/revisions"}],"predecessor-version":[{"id":5808,"href":"https:\/\/centers.ulbsibiu.ro\/ccsprise\/lact\/wp-json\/wp\/v2\/posts\/5807\/revisions\/5808"}],"wp:attachment":[{"href":"https:\/\/centers.ulbsibiu.ro\/ccsprise\/lact\/wp-json\/wp\/v2\/media?parent=5807"}],"wp:term":[{"taxonomy":"category","embeddable":true,"href":"https:\/\/centers.ulbsibiu.ro\/ccsprise\/lact\/wp-json\/wp\/v2\/categories?post=5807"},{"taxonomy":"post_tag","embeddable":true,"href":"https:\/\/centers.ulbsibiu.ro\/ccsprise\/lact\/wp-json\/wp\/v2\/tags?post=5807"}],"curies":[{"name":"wp","href":"https:\/\/api.w.org\/{rel}","templated":true}]}}