{"id":5805,"date":"2019-01-15T17:08:56","date_gmt":"2019-01-15T15:08:56","guid":{"rendered":"https:\/\/centers.ulbsibiu.ro\/ccsprise\/lact\/?p=5805"},"modified":"2019-01-15T17:08:56","modified_gmt":"2019-01-15T15:08:56","slug":"noi-md-o-aeronava-sua-a-survolat-teritoriul-transnistriei","status":"publish","type":"post","link":"https:\/\/centers.ulbsibiu.ro\/ccsprise\/lact\/noi-md-o-aeronava-sua-a-survolat-teritoriul-transnistriei\/","title":{"rendered":"Noi.md &#8211; O aeronav\u0103 SUA a survolat teritoriul Transnistriei"},"content":{"rendered":"<p>Aeronava de recunoa\u0219tere american\u0103 Beech MC-12W Liberty a survolat teritoriul Transnistriei. Informa\u0163ia vine din partea dumskaya.net cu referire la date din resursele de monitorizare a spa\u0163iului aerian, luni, 14 ianuarie.<\/p>\n<p>Aproximativ pe la ora 11:00, venind din direc\u0163ia M\u0103rii Negre \u015fi intr\u00eend \u00een spa\u021biul aerian al Ucrainei la vest de Odessa, avionul a zburat de-a lungul \u00eentregii frontiere de est a Moldovei. Acesta s-a aflat la o distan\u0163\u0103 de 15 km de Tiraspol, transmite korrespondent.net.<\/p>\n<p>Avionul Beech MC-12W Liberty este dotat cu echipamente radio-electronice puternice \u0219i un sistem optic-electronic, montat pe un suport articulat universal sub fuzelaj, care include o camer\u0103 termic\u0103 de genera\u021bia a treia cu o re\u0163ea matriceal\u0103.<\/p>\n<p>\u00cen plus, avionul are un aparat de telemetrie cu laser, iluminare cu laser a \u021bintelor, o camer\u0103 cu o lentil\u0103 special\u0103 \u0219i alte echipamente. Prima misiune de lupt\u0103 pe acest avion a fost executat\u0103 pe 10 iunie, 2009, \u00een Irak. Aeronava a decolat de la baza aerian\u0103 irakian\u0103 Ballad. Avionul a efectuat un zbor de patru ore pentru a sus\u021bine trupele americane \u015fi irakiene.<\/p>\n<p>Cite\u0219te mai mult: <a href=\"https:\/\/noi.md\/md\/transnistria\/o-aeronava-sua-a-survolat-teritoriul-transnistriei?fbclid=IwAR2HW8iGvmA5xX3p28RXCSvudtBaN2wwBL-FJUioAiHGs_5xdJOTkD64Nu0\">https:\/\/noi.md\/md\/transnistria\/o-aeronava-sua-a-survolat-teritoriul-transnistriei?fbclid=IwAR2HW8iGvmA5xX3p28RXCSvudtBaN2wwBL-FJUioAiHGs_5xdJOTkD64Nu0<\/a><br \/>\nFacebook: <a href=\"https:\/\/www.facebook.com\/NOI.md\/\">NOI.md<\/a> | Odnoklassniki: <a href=\"https:\/\/www.ok.ru\/noi.moldova\">Noi.Moldova<\/a><\/p>\n","protected":false},"excerpt":{"rendered":"<p>Aeronava de recunoa\u0219tere american\u0103 Beech MC-12W Liberty a survolat teritoriul Transnistriei. Informa\u0163ia vine din partea dumskaya.net cu referire la date din resursele de monitorizare a spa\u0163iului aerian, luni, 14 ianuarie. Aproximativ pe la ora 11:00, venind din direc\u0163ia M\u0103rii Negre \u015fi intr\u00eend \u00een spa\u021biul aerian al Ucrainei la vest de Odessa, avionul a zburat de-a&#8230;<\/p>\n","protected":false},"author":2,"featured_media":0,"comment_status":"closed","ping_status":"open","sticky":false,"template":"","format":"standard","meta":[],"categories":[1],"tags":[],"_links":{"self":[{"href":"https:\/\/centers.ulbsibiu.ro\/ccsprise\/lact\/wp-json\/wp\/v2\/posts\/5805"}],"collection":[{"href":"https:\/\/centers.ulbsibiu.ro\/ccsprise\/lact\/wp-json\/wp\/v2\/posts"}],"about":[{"href":"https:\/\/centers.ulbsibiu.ro\/ccsprise\/lact\/wp-json\/wp\/v2\/types\/post"}],"author":[{"embeddable":true,"href":"https:\/\/centers.ulbsibiu.ro\/ccsprise\/lact\/wp-json\/wp\/v2\/users\/2"}],"replies":[{"embeddable":true,"href":"https:\/\/centers.ulbsibiu.ro\/ccsprise\/lact\/wp-json\/wp\/v2\/comments?post=5805"}],"version-history":[{"count":1,"href":"https:\/\/centers.ulbsibiu.ro\/ccsprise\/lact\/wp-json\/wp\/v2\/posts\/5805\/revisions"}],"predecessor-version":[{"id":5806,"href":"https:\/\/centers.ulbsibiu.ro\/ccsprise\/lact\/wp-json\/wp\/v2\/posts\/5805\/revisions\/5806"}],"wp:attachment":[{"href":"https:\/\/centers.ulbsibiu.ro\/ccsprise\/lact\/wp-json\/wp\/v2\/media?parent=5805"}],"wp:term":[{"taxonomy":"category","embeddable":true,"href":"https:\/\/centers.ulbsibiu.ro\/ccsprise\/lact\/wp-json\/wp\/v2\/categories?post=5805"},{"taxonomy":"post_tag","embeddable":true,"href":"https:\/\/centers.ulbsibiu.ro\/ccsprise\/lact\/wp-json\/wp\/v2\/tags?post=5805"}],"curies":[{"name":"wp","href":"https:\/\/api.w.org\/{rel}","templated":true}]}}