{"id":5803,"date":"2019-01-14T19:01:31","date_gmt":"2019-01-14T17:01:31","guid":{"rendered":"https:\/\/centers.ulbsibiu.ro\/ccsprise\/lact\/?p=5803"},"modified":"2019-01-14T19:01:31","modified_gmt":"2019-01-14T17:01:31","slug":"infotag-md-transnistria-mizeaza-pe-continuarea-negocierilor-cu-moldova-in-pofida-alegerilor-care-vor-urma","status":"publish","type":"post","link":"https:\/\/centers.ulbsibiu.ro\/ccsprise\/lact\/infotag-md-transnistria-mizeaza-pe-continuarea-negocierilor-cu-moldova-in-pofida-alegerilor-care-vor-urma\/","title":{"rendered":"Infotag.md &#8211; TRANSNISTRIA MIZEAZ\u0102 PE CONTINUAREA NEGOCIERILOR CU MOLDOVA, \u00ceN POFIDA ALEGERILOR CARE VOR URMA"},"content":{"rendered":"<p>Transnistria inten\u021bioneaz\u0103 s\u0103 fac\u0103 tot posibilul pentru ca grupurile de lucru, speciali\u0219tii tehnici s\u0103-\u0219i continue activitatea sistematic\u0103 cu privire la implementarea acordurilor cu Moldova. Anun\u0163ul a fost f\u0103cut luni de c\u0103tre ministrul de externe al autoproclamatei RMN, Vitalii Ignatiev, la o \u00eentrevedere cu liderul regiunii, Vadim Krasnoselski.<\/p>\n<p>Potrivit agen\u0163iei INFOTAG cu referire la site-ul liderului de la Tiraspol, el a men\u021bionat c\u0103 \u201ese men\u0163in contactele dintre reprezentan\u021bii politici \u0219i interac\u021biunea la nivelul grupurilor de lucru, iar \u00een viitorul apropiat se a\u0219teapt\u0103 organizarea unor noi \u00eentrevederi ordinare\u201d.<br \/>\n\u201eDesigur, exist\u0103 factorul proceselor electorale \u00een Moldova. Actualul reprezentant politic al Republicii Moldova (viceprim-ministrul pentru Reintegrare, Cristina Lesnic \u2013 \u201eI.\u201d) \u00ee\u0219i va \u00eencheia misiunea. Cu toate acestea, sarcina noastr\u0103 este de a ne asigura c\u0103 grupurile de lucru, speciali\u0219tii tehnici \u00ee\u0219i continu\u0103 activitatea sistematic\u0103 cu privire la implementarea \u00een\u0163elegerilor \u00eencheiate\u201d, a spus negociatorul principal al Transnistriei.<br \/>\nPotrivit acestuia, MAE \u201ea primit o notificare oficial\u0103 privind vizita planificat\u0103 \u00een Transnistria a ministrului sloven de Externe, Miroslav Lajcak, pre\u0219edintele \u00een exerci\u021biu al OSCE\u201d.<br \/>\n\u201eAceasta este o bun\u0103 ocazie de a determina planurile pentru acest an\u201d, a spus Ignatiev.<br \/>\nLiderul transnistrean a cerut \u201emen\u021binerea contactelor de lucru cu to\u021bi participan\u021bii la procesul de negocieri \u201e5+2\u201d, inclusiv cu mediatorii (Rusia, Ucraina, OSCE \u2013 \u201eI.\u201d) \u0219i cu observatorii (UE \u0219i SUA \u2013 \u201eI.\u201d)\u201d.<br \/>\n\u201eTrebuie s\u0103 continu\u0103m eforturile pentru realizarea acordurilor \u00eencheiate \u0219i s\u0103 fim gata pentru semnarea unor noi acorduri \u00een interesul poporului RMN. Trebuie s\u0103 rezolv\u0103m problemele umanitare, sociale \u0219i economice\u201d, a subliniat el.<br \/>\nPrintre alte probleme actuale care necesit\u0103 solu\u021bii urgente, Krasnoselski a numit restric\u021biile privind tranzitul de m\u0103rfuri prin Ucraina c\u0103tre Rusia, inclusiv din Transnistria.<br \/>\n\u201eDatorit\u0103 colabor\u0103rii cu colegii ru\u0219i, aceast\u0103 chestiune trebuie reglementat\u0103, iar tranzitul m\u0103rfurilor transnistrene c\u0103tre Rusia trebuie reluat\u201d, a subliniat el, preciz\u00e2nd c\u0103 \u201eapropiata deschidere la Moscova a reprezentan\u0163ei diplomatice transnistrene este un pas important \u00een consolidarea \u0219i dezvoltarea rela\u021biilor dintre Transnistria \u0219i Federa\u021bia Rus\u0103\u201d.<\/p>\n<p>Sursa:\u00a0<a href=\"http:\/\/www.infotag.md\/rebelion-ro\/271021\/\">http:\/\/www.infotag.md\/<\/a><\/p>\n","protected":false},"excerpt":{"rendered":"<p>Transnistria inten\u021bioneaz\u0103 s\u0103 fac\u0103 tot posibilul pentru ca grupurile de lucru, speciali\u0219tii tehnici s\u0103-\u0219i continue activitatea sistematic\u0103 cu privire la implementarea acordurilor cu Moldova. Anun\u0163ul a fost f\u0103cut luni de c\u0103tre ministrul de externe al autoproclamatei RMN, Vitalii Ignatiev, la o \u00eentrevedere cu liderul regiunii, Vadim Krasnoselski. Potrivit agen\u0163iei INFOTAG cu referire la site-ul liderului&#8230;<\/p>\n","protected":false},"author":2,"featured_media":0,"comment_status":"closed","ping_status":"open","sticky":false,"template":"","format":"standard","meta":[],"categories":[1],"tags":[],"_links":{"self":[{"href":"https:\/\/centers.ulbsibiu.ro\/ccsprise\/lact\/wp-json\/wp\/v2\/posts\/5803"}],"collection":[{"href":"https:\/\/centers.ulbsibiu.ro\/ccsprise\/lact\/wp-json\/wp\/v2\/posts"}],"about":[{"href":"https:\/\/centers.ulbsibiu.ro\/ccsprise\/lact\/wp-json\/wp\/v2\/types\/post"}],"author":[{"embeddable":true,"href":"https:\/\/centers.ulbsibiu.ro\/ccsprise\/lact\/wp-json\/wp\/v2\/users\/2"}],"replies":[{"embeddable":true,"href":"https:\/\/centers.ulbsibiu.ro\/ccsprise\/lact\/wp-json\/wp\/v2\/comments?post=5803"}],"version-history":[{"count":1,"href":"https:\/\/centers.ulbsibiu.ro\/ccsprise\/lact\/wp-json\/wp\/v2\/posts\/5803\/revisions"}],"predecessor-version":[{"id":5804,"href":"https:\/\/centers.ulbsibiu.ro\/ccsprise\/lact\/wp-json\/wp\/v2\/posts\/5803\/revisions\/5804"}],"wp:attachment":[{"href":"https:\/\/centers.ulbsibiu.ro\/ccsprise\/lact\/wp-json\/wp\/v2\/media?parent=5803"}],"wp:term":[{"taxonomy":"category","embeddable":true,"href":"https:\/\/centers.ulbsibiu.ro\/ccsprise\/lact\/wp-json\/wp\/v2\/categories?post=5803"},{"taxonomy":"post_tag","embeddable":true,"href":"https:\/\/centers.ulbsibiu.ro\/ccsprise\/lact\/wp-json\/wp\/v2\/tags?post=5803"}],"curies":[{"name":"wp","href":"https:\/\/api.w.org\/{rel}","templated":true}]}}