{"id":5798,"date":"2019-01-12T18:38:38","date_gmt":"2019-01-12T16:38:38","guid":{"rendered":"https:\/\/centers.ulbsibiu.ro\/ccsprise\/lact\/?p=5798"},"modified":"2019-01-12T18:38:38","modified_gmt":"2019-01-12T16:38:38","slug":"ziarulnational-md-chisinaul-inista-la-presedintia-slovaca-a-osce-asupra-retragerii-trupelor-si-munitiilor-federatiei-ruse-din-transnistria-si-transformarii-misiunii-de-pacificare-intr-una-civila","status":"publish","type":"post","link":"https:\/\/centers.ulbsibiu.ro\/ccsprise\/lact\/ziarulnational-md-chisinaul-inista-la-presedintia-slovaca-a-osce-asupra-retragerii-trupelor-si-munitiilor-federatiei-ruse-din-transnistria-si-transformarii-misiunii-de-pacificare-intr-una-civila\/","title":{"rendered":"Ziarulnational.md &#8211; Chi\u0219in\u0103ul inist\u0103, la pre\u0219edin\u021bia slovac\u0103 a OSCE, asupra RETRAGERII trupelor \u0219i muni\u021biilor Federa\u021biei Ruse din Transnistria \u0219i transform\u0103rii misiunii de pacificare \u00eentr-una civil\u0103"},"content":{"rendered":"<p>Autorit\u0103\u021bile de la Chi\u0219in\u0103u insist\u0103 asupra solu\u021bion\u0103rii politice a conflictului transnistrean prin acordarea unui statut special Transnistriei \u00een cadrul R. Moldova, retragerii trupelor \u0219i muni\u021biilor Federa\u021biei Ruse din st\u00e2nga Nistrului \u0219i asupra transform\u0103rii misiunii de pacificare existent\u0103 \u00eentr-una civil\u0103.<\/p>\n<p>Mesajul a fost transmis c\u0103tre noua pre\u0219edin\u021bie \u00een exerci\u021biu a Slovaciei la OSCE de c\u0103tre Ambasadorul R. Moldova \u00een Austria, Victor Osipov, la prima reuniune din 2019 a Consiliului Permanent al OSCE \u00een cadrul c\u0103reia Slovacia \u0219i-a prezentat priorit\u0103\u0163ile sale la conducerea organiza\u0163iei pe parcursul acestui an.<\/p>\n<p>Ambasadorul Victor Osipov a subliniat c\u0103 este important ca to\u021bi actorii implica\u0163i s\u0103 demonstreze o abordare constructiv\u0103 pentru a atinge obiectivul de baz\u0103 al formatului \u201e5+2\u201d \u015fi anume solu\u0163ionarea pa\u015fnic\u0103, bazat\u0103 pe suveranitatea \u015fi integritatea teritorial\u0103 a Republicii Moldova \u00een frontierele ei interna\u0163ional recunoscute, cu acordarea unui statut special regiunii transnistrene.<\/p>\n<p>\u201e\u00cen acela\u015fi timp, noi r\u0103m\u00e2nem fermi pe pozi\u021bia de a finaliza retragerea trupelor \u015fi muni\u0163iilor ruse\u015fti, a\u015fa cum a fost reconfirmat prin Rezolu\u0163ia Adun\u0103rii Generale a ONU <em>\u201eRetragerea complet\u0103 \u015fi necondi\u0163ionat\u0103 a for\u0163elor militare str\u0103ine de pe teritoriul Republicii Moldova\u201d<\/em>. De asemenea, cerem ini\u0163ierea unui dialog transparent \u015fi consistent pentru a transforma opera\u0163iunea existent\u0103 de pacificare de pe malurile Nistrului \u00eentr-o misiune civil\u0103 multina\u0163ional\u0103 sub mandat interna\u0163ional\u201d, a mai declarat Victor Osipov.<\/p>\n<p>Reprezentantul Chi\u015fin\u0103ului \u0219i-a mai exprimat \u00eengrijor\u0103rile fa\u0163\u0103 de escaladarea situa\u0163iei \u00een estul Ucrainei \u015fi a invocat drept necesitate primar\u0103 intensificarea eforturilor diplomatice pentru solu\u0163ionarea crizei ucrainene, reconfirm\u00e2nd suportul Republicii Moldova pentru suveranitatea \u015fi integritatea teritorial\u0103 a \u0163\u0103rii vecine.<\/p>\n<p>Ambasadorul Osipov a chemat, \u00een acest context, la realizarea progresului \u00een solu\u0163ionarea tuturor conflictelor din spa\u0163iul OSCE.<\/p>\n<p>\u00centre sarcinile curente ale organiza\u0163iei au mai fost men\u0163ionate refacerea \u00eencrederii pierdute, prevenirea radicaliz\u0103rii, combaterea terorismului, promovarea dezvolt\u0103rii sustenabile, \u00eembun\u0103t\u0103\u0163irea conectivit\u0103\u0163ii \u015fi a securit\u0103\u0163ii cibernetice.<\/p>\n<p>Pre\u015fedintele \u00een exerci\u0163iu al OSCE pentru 2019, ministrul Afacerilor Externe \u015fi Europene al Republicii Slovace, Miroslav Laj\u010d\u00e1k, a descris priorit\u0103\u0163ile mandatului s\u0103u ca fiind orientate spre beneficiul oamenilor, dialog \u015fi stabilitate. Ministrul Laj\u010d\u00e1k a anun\u0163at c\u0103 va vizita \u00een cel mai scurt timp Republica Moldova \u00een actuala sa calitate.<\/p>\n<p>Sursa:\u00a0<a href=\"https:\/\/www.ziarulnational.md\/chisinaul-inista-la-presedintia-slovaca-a-osce-asupra-retragerii-trupelor-si-munitiilor-federatiei-ruse-din-transnistria-si-transformarii-misiunii-de-pacificare-intr-una-civila\/\">https:\/\/www.ziarulnational.md\/<\/a><\/p>\n","protected":false},"excerpt":{"rendered":"<p>Autorit\u0103\u021bile de la Chi\u0219in\u0103u insist\u0103 asupra solu\u021bion\u0103rii politice a conflictului transnistrean prin acordarea unui statut special Transnistriei \u00een cadrul R. Moldova, retragerii trupelor \u0219i muni\u021biilor Federa\u021biei Ruse din st\u00e2nga Nistrului \u0219i asupra transform\u0103rii misiunii de pacificare existent\u0103 \u00eentr-una civil\u0103. Mesajul a fost transmis c\u0103tre noua pre\u0219edin\u021bie \u00een exerci\u021biu a Slovaciei la OSCE de c\u0103tre Ambasadorul&#8230;<\/p>\n","protected":false},"author":2,"featured_media":0,"comment_status":"closed","ping_status":"open","sticky":false,"template":"","format":"standard","meta":[],"categories":[1],"tags":[],"_links":{"self":[{"href":"https:\/\/centers.ulbsibiu.ro\/ccsprise\/lact\/wp-json\/wp\/v2\/posts\/5798"}],"collection":[{"href":"https:\/\/centers.ulbsibiu.ro\/ccsprise\/lact\/wp-json\/wp\/v2\/posts"}],"about":[{"href":"https:\/\/centers.ulbsibiu.ro\/ccsprise\/lact\/wp-json\/wp\/v2\/types\/post"}],"author":[{"embeddable":true,"href":"https:\/\/centers.ulbsibiu.ro\/ccsprise\/lact\/wp-json\/wp\/v2\/users\/2"}],"replies":[{"embeddable":true,"href":"https:\/\/centers.ulbsibiu.ro\/ccsprise\/lact\/wp-json\/wp\/v2\/comments?post=5798"}],"version-history":[{"count":1,"href":"https:\/\/centers.ulbsibiu.ro\/ccsprise\/lact\/wp-json\/wp\/v2\/posts\/5798\/revisions"}],"predecessor-version":[{"id":5799,"href":"https:\/\/centers.ulbsibiu.ro\/ccsprise\/lact\/wp-json\/wp\/v2\/posts\/5798\/revisions\/5799"}],"wp:attachment":[{"href":"https:\/\/centers.ulbsibiu.ro\/ccsprise\/lact\/wp-json\/wp\/v2\/media?parent=5798"}],"wp:term":[{"taxonomy":"category","embeddable":true,"href":"https:\/\/centers.ulbsibiu.ro\/ccsprise\/lact\/wp-json\/wp\/v2\/categories?post=5798"},{"taxonomy":"post_tag","embeddable":true,"href":"https:\/\/centers.ulbsibiu.ro\/ccsprise\/lact\/wp-json\/wp\/v2\/tags?post=5798"}],"curies":[{"name":"wp","href":"https:\/\/api.w.org\/{rel}","templated":true}]}}