{"id":5796,"date":"2019-01-11T18:13:34","date_gmt":"2019-01-11T16:13:34","guid":{"rendered":"https:\/\/centers.ulbsibiu.ro\/ccsprise\/lact\/?p=5796"},"modified":"2019-01-11T18:13:34","modified_gmt":"2019-01-11T16:13:34","slug":"deschide-md-transnistria-roaga-rusia-sa-scoata-interdictia-de-tranzit-a-marfurilor-sale-pe-teritoriul-ucrainei","status":"publish","type":"post","link":"https:\/\/centers.ulbsibiu.ro\/ccsprise\/lact\/deschide-md-transnistria-roaga-rusia-sa-scoata-interdictia-de-tranzit-a-marfurilor-sale-pe-teritoriul-ucrainei\/","title":{"rendered":"Deschide.md &#8211; Transnistria roag\u0103 Rusia s\u0103 scoat\u0103 interdic\u021bia de tranzit a m\u0103rfurilor sale pe teritoriul Ucrainei"},"content":{"rendered":"<p>Author: Vadim Vasiliu<\/p>\n<p>Pretinsul minister de externe de la Tiraspol a comentat introducerea de c\u0103tre Guvernul Rusiei a unei interdic\u021bii privind importul \u00een Rusia a m\u0103rfurilor transportate prin Ucraina. \u201eAutorit\u0103\u021bile\u201d din Transnistria deja au \u00eenceput un dialog cu cele din Rusia pentru a elimina consecin\u021bele deciziei luate de Guvernul rus.<br \/>\nRusia a impus la \u00eenceputul anului interdic\u021bia de importuri de m\u0103rfuri din Ucraina, dar \u0219i a m\u0103rfurilor care tranziteaz\u0103 teritoriul acestei \u021b\u0103ri. \u00cen mare parte, interdic\u021bia va afecta produsele industriale, iar produc\u0103torii transnistreni vor deveni victimele acestor sanc\u021biuni, spune pretinsul minister de externe de la Tiraspol.<br \/>\n\u201eUn \u0219ir de \u00eentreprinderi transnistrene lucreaz\u0103 activ pe pie\u021bele din Federa\u021bia Rus\u0103. Exist\u0103 volume semnificative de produse livrate, sunt contracte de livrare pentru un an \u00eentreg, din aceast\u0103 cauz\u0103 \u00eentreprinderile transnistrene ar putea suferi de pe urma acestei m\u0103suri\u201d, a declarat Vitali Ignatiev, pretinsul ministru de externe de la Tiraspol.<\/p>\n<p>Textul complet:\u00a0<a href=\"https:\/\/deschide.md\/ro\/stiri\/politic\/42494\/Transnistria-roag\u0103-Rusia-s\u0103-scoat\u0103-interdic\u021bia-de-tranzit-a-m\u0103rfurilor-sale-pe-teritoriul-Ucrainei.htm\">https:\/\/deschide.md\/<\/a><\/p>\n<p>&nbsp;<\/p>\n<p>&nbsp;<\/p>\n","protected":false},"excerpt":{"rendered":"<p>Author: Vadim Vasiliu Pretinsul minister de externe de la Tiraspol a comentat introducerea de c\u0103tre Guvernul Rusiei a unei interdic\u021bii privind importul \u00een Rusia a m\u0103rfurilor transportate prin Ucraina. \u201eAutorit\u0103\u021bile\u201d din Transnistria deja au \u00eenceput un dialog cu cele din Rusia pentru a elimina consecin\u021bele deciziei luate de Guvernul rus. Rusia a impus la \u00eenceputul&#8230;<\/p>\n","protected":false},"author":2,"featured_media":0,"comment_status":"closed","ping_status":"open","sticky":false,"template":"","format":"standard","meta":[],"categories":[1],"tags":[],"_links":{"self":[{"href":"https:\/\/centers.ulbsibiu.ro\/ccsprise\/lact\/wp-json\/wp\/v2\/posts\/5796"}],"collection":[{"href":"https:\/\/centers.ulbsibiu.ro\/ccsprise\/lact\/wp-json\/wp\/v2\/posts"}],"about":[{"href":"https:\/\/centers.ulbsibiu.ro\/ccsprise\/lact\/wp-json\/wp\/v2\/types\/post"}],"author":[{"embeddable":true,"href":"https:\/\/centers.ulbsibiu.ro\/ccsprise\/lact\/wp-json\/wp\/v2\/users\/2"}],"replies":[{"embeddable":true,"href":"https:\/\/centers.ulbsibiu.ro\/ccsprise\/lact\/wp-json\/wp\/v2\/comments?post=5796"}],"version-history":[{"count":1,"href":"https:\/\/centers.ulbsibiu.ro\/ccsprise\/lact\/wp-json\/wp\/v2\/posts\/5796\/revisions"}],"predecessor-version":[{"id":5797,"href":"https:\/\/centers.ulbsibiu.ro\/ccsprise\/lact\/wp-json\/wp\/v2\/posts\/5796\/revisions\/5797"}],"wp:attachment":[{"href":"https:\/\/centers.ulbsibiu.ro\/ccsprise\/lact\/wp-json\/wp\/v2\/media?parent=5796"}],"wp:term":[{"taxonomy":"category","embeddable":true,"href":"https:\/\/centers.ulbsibiu.ro\/ccsprise\/lact\/wp-json\/wp\/v2\/categories?post=5796"},{"taxonomy":"post_tag","embeddable":true,"href":"https:\/\/centers.ulbsibiu.ro\/ccsprise\/lact\/wp-json\/wp\/v2\/tags?post=5796"}],"curies":[{"name":"wp","href":"https:\/\/api.w.org\/{rel}","templated":true}]}}