{"id":5794,"date":"2019-01-11T18:08:01","date_gmt":"2019-01-11T16:08:01","guid":{"rendered":"https:\/\/centers.ulbsibiu.ro\/ccsprise\/lact\/?p=5794"},"modified":"2019-01-11T18:08:01","modified_gmt":"2019-01-11T16:08:01","slug":"noi-md-reprezentanta-transnistriei-se-va-deschide-in-curind-la-moscova","status":"publish","type":"post","link":"https:\/\/centers.ulbsibiu.ro\/ccsprise\/lact\/noi-md-reprezentanta-transnistriei-se-va-deschide-in-curind-la-moscova\/","title":{"rendered":"Noi.md  &#8211; Reprezentan\u0163a Transnistriei se va deschide \u00een cur\u00eend la Moscova"},"content":{"rendered":"<p>\u00cen aceast\u0103 lun\u0103, la Moscova se va deschide Reprezentan\u021ba Transnistriei, ceea ce va \u00eensemna un pas important spre integrarea \u0219i interac\u021biunea Transnistriei cu Federa\u021bia Rus\u0103.Potrivit presei transnistrene, declara\u0163ia \u00een cauz\u0103 a fost f\u0103cut\u0103 de Vitali Ignatiev, ministrul afacerilor externe al Republicii Moldovene\u015fti Nistrene nerecunoscute \u00eentr-un interviu cu jurnali\u0219tii, men\u021bion\u00eend c\u0103 obiectivul principal al Reprezentan\u0163ei transnistrene de la Moscova va viza protejarea intereselor cet\u0103\u021benilor transnistreni afla\u0163i \u00een Rusia. \u00cen plus, datorit\u0103 deschiderii acestei Reprezentan\u0163e, va fi impulsionat parteneriatul strategic cu Federa\u021bia Rus\u0103, transmite Noi.md.<\/p>\n<p>\u201eCredem c\u0103 acesta este un pas important \u00een direc\u021bia integr\u0103rii, interac\u021biunii Transnistriei cu Federa\u021bia Rus\u0103. Reamintim c\u0103, anterior, \u00een Transnistria au activat reprezentan\u021be ale Rusiei. Ulterior, din diferite motive, a existat o perioad\u0103 \u00eendelungat\u0103 c\u00eend acestea nu au mai activat. Acum sper\u0103m s\u0103 folosim toat\u0103 func\u021bionalitatea pozitiv\u0103 a unui astfel de mecanism \u00een cadrul activit\u0103\u0163ii Reprezentan\u0163ei. Prin urmare, Ministerul Afacerilor Externe \u0219i Transnistria la general vor ob\u0163ine \u00eenc\u0103 un instrument diplomatic, al\u0103turi de reprezentan\u021bele noastre care activeaz\u0103 \u00een Osetia de Sud \u0219i Abhazia&#8221;, a declarat Vitali Ignatiev.<\/p>\n<p>Cite\u0219te mai mult: <a href=\"https:\/\/noi.md\/politica\/reprezentanta-transnistriei-se-va-deschide-in-curind-la-moscova?fbclid=IwAR2BBLuL__h7tc3QCtF-LdjEwww1kpHCyLT1Gw-0lYaj3n7jugSL8ci2wIo\">https:\/\/noi.md\/politica\/reprezentanta-transnistriei-se-va-deschide-in-curind-la-moscova?fbclid=IwAR2BBLuL__h7tc3QCtF-LdjEwww1kpHCyLT1Gw-0lYaj3n7jugSL8ci2wIo<\/a><br \/>\nFacebook: <a href=\"https:\/\/www.facebook.com\/NOI.md\/\">NOI.md<\/a> | Odnoklassniki: <a href=\"https:\/\/www.ok.ru\/noi.moldova\">Noi.Moldova<\/a><\/p>\n","protected":false},"excerpt":{"rendered":"<p>\u00cen aceast\u0103 lun\u0103, la Moscova se va deschide Reprezentan\u021ba Transnistriei, ceea ce va \u00eensemna un pas important spre integrarea \u0219i interac\u021biunea Transnistriei cu Federa\u021bia Rus\u0103.Potrivit presei transnistrene, declara\u0163ia \u00een cauz\u0103 a fost f\u0103cut\u0103 de Vitali Ignatiev, ministrul afacerilor externe al Republicii Moldovene\u015fti Nistrene nerecunoscute \u00eentr-un interviu cu jurnali\u0219tii, men\u021bion\u00eend c\u0103 obiectivul principal al Reprezentan\u0163ei transnistrene&#8230;<\/p>\n","protected":false},"author":2,"featured_media":0,"comment_status":"closed","ping_status":"open","sticky":false,"template":"","format":"standard","meta":[],"categories":[1],"tags":[],"_links":{"self":[{"href":"https:\/\/centers.ulbsibiu.ro\/ccsprise\/lact\/wp-json\/wp\/v2\/posts\/5794"}],"collection":[{"href":"https:\/\/centers.ulbsibiu.ro\/ccsprise\/lact\/wp-json\/wp\/v2\/posts"}],"about":[{"href":"https:\/\/centers.ulbsibiu.ro\/ccsprise\/lact\/wp-json\/wp\/v2\/types\/post"}],"author":[{"embeddable":true,"href":"https:\/\/centers.ulbsibiu.ro\/ccsprise\/lact\/wp-json\/wp\/v2\/users\/2"}],"replies":[{"embeddable":true,"href":"https:\/\/centers.ulbsibiu.ro\/ccsprise\/lact\/wp-json\/wp\/v2\/comments?post=5794"}],"version-history":[{"count":1,"href":"https:\/\/centers.ulbsibiu.ro\/ccsprise\/lact\/wp-json\/wp\/v2\/posts\/5794\/revisions"}],"predecessor-version":[{"id":5795,"href":"https:\/\/centers.ulbsibiu.ro\/ccsprise\/lact\/wp-json\/wp\/v2\/posts\/5794\/revisions\/5795"}],"wp:attachment":[{"href":"https:\/\/centers.ulbsibiu.ro\/ccsprise\/lact\/wp-json\/wp\/v2\/media?parent=5794"}],"wp:term":[{"taxonomy":"category","embeddable":true,"href":"https:\/\/centers.ulbsibiu.ro\/ccsprise\/lact\/wp-json\/wp\/v2\/categories?post=5794"},{"taxonomy":"post_tag","embeddable":true,"href":"https:\/\/centers.ulbsibiu.ro\/ccsprise\/lact\/wp-json\/wp\/v2\/tags?post=5794"}],"curies":[{"name":"wp","href":"https:\/\/api.w.org\/{rel}","templated":true}]}}