{"id":5792,"date":"2019-01-11T18:05:19","date_gmt":"2019-01-11T16:05:19","guid":{"rendered":"https:\/\/centers.ulbsibiu.ro\/ccsprise\/lact\/?p=5792"},"modified":"2019-01-11T18:05:19","modified_gmt":"2019-01-11T16:05:19","slug":"gov-md-prima-sedinta-a-comisiei-unificate-de-control-in-anul-2019","status":"publish","type":"post","link":"https:\/\/centers.ulbsibiu.ro\/ccsprise\/lact\/gov-md-prima-sedinta-a-comisiei-unificate-de-control-in-anul-2019\/","title":{"rendered":"Gov.md &#8211; Prima \u0219edin\u021b\u0103 a Comisiei Unificate de Control \u00een anul 2019"},"content":{"rendered":"<p>\u00cen cadrul \u0219edin\u021bei din 10 ianuarie curent, Comisia Unificat\u0103 de Control \u0219i-a focusat discu\u021biile pe marginea propunerilor delega\u021biei moldovene\u0219ti de a elabora un mecanism de monitorizare a Zonei de Securitate \u00een corespundere cu angajamentele asumate \u00een baza protocolului semnat \u00een ianuarie 2017.<\/p>\n<p>Refuzul reprezentan\u021bilor Tiraspolului de a accepta acest demers a generat dispute aprinse \u00eentre participan\u021bi. Argumentele prezentate de c\u0103tre delega\u021bia Republicii Moldova, sus\u021binute \u0219i de c\u0103tre reprezentan\u021bii Ucrainei, ar \u00eenl\u0103tura deficien\u021bele semnalate anterior \u0219i ar asigura neadmiterea incidentelor \u00een Zona de Securitate.<\/p>\n<p>La fel a fost respins\u0103 \u0219i propunerea delega\u021biei moldovene\u0219ti de a antrena Misiunea OSCE la elaborarea unui astfel de mecanism de monitorizare.<\/p>\n<p>Totodat\u0103, a fost abordat\u0103 activitatea observatorilor militari \u0219i rapoartele acestora, \u00een special, refuzurile de a semna unele rapoarte care nu reflect\u0103 obiectiv \u00eenc\u0103lc\u0103rile comise \u00een Zona de Securitate.<\/p>\n<p>Delega\u021bia Republicii Moldova a reiterat c\u0103 asemenea situa\u021bii sunt cauzate de lipsa unei reglement\u0103ri distincte a activit\u0103\u021bii Comandamentului Militar \u00centrunit. \u00cen calitate de argumente au fost prezentate cazuri, \u00een care unele aplica\u021bii militare desf\u0103\u0219urate \u00een Zona de Securitate \u0219i mediatizate inclusiv pe site-urile oficiale, nu se reg\u0103sesc \u00een rapoartele observatorilor militari (fapt care a determinat reprezentan\u021bii militari ai Republicii Moldova s\u0103 nu vizeze asemenea proiecte de acte incomplete).<\/p>\n<p>Delega\u021bia Chi\u0219in\u0103ului s-a referit asupra termenului \u00eendelungat, pe parcursul c\u0103ruia p\u0103r\u021bile nu pot ajunge la un consens pentru unele subiecte importante.<\/p>\n<p>\u00cen cadrul aceleia\u0219i \u0219edin\u021be, Comisia a audiat comandan\u021bii militari cu privire la evolu\u021bia aspectelor plasate \u00een responsabilitatea acestora, a aprobat rapoartele Comandamentului Militar \u00centrunit pentru perioadele 19-25 decembrie 2018, 26 decembrie 2018 &#8211; 01 ianuarie 2019, 02 \u2013 08\u00a0 ianuarie 2019, precum \u0219i Planul m\u0103surilor prioritare a contingentelor militare a For\u021belor \u00centrunite de men\u021binere a p\u0103cii pentru anul 2019.<\/p>\n<p>Comisia Unificat\u0103 de Control se va reuni \u00een urm\u0103toarea \u0219edin\u021b\u0103 la 17 ianuarie 2019.<\/p>\n<p>&nbsp;<\/p>\n<p>Delega\u021bia Republicii Moldova \u00een Comisia Unificat\u0103 de Control<\/p>\n<p>&nbsp;<\/p>\n<p>Sursa:\u00a0<a href=\"https:\/\/gov.md\/ro\/content\/prima-sedinta-comisiei-unificate-de-control-anul-2019\">https:\/\/gov.md\/<\/a><\/p>\n","protected":false},"excerpt":{"rendered":"<p>\u00cen cadrul \u0219edin\u021bei din 10 ianuarie curent, Comisia Unificat\u0103 de Control \u0219i-a focusat discu\u021biile pe marginea propunerilor delega\u021biei moldovene\u0219ti de a elabora un mecanism de monitorizare a Zonei de Securitate \u00een corespundere cu angajamentele asumate \u00een baza protocolului semnat \u00een ianuarie 2017. Refuzul reprezentan\u021bilor Tiraspolului de a accepta acest demers a generat dispute aprinse \u00eentre&#8230;<\/p>\n","protected":false},"author":2,"featured_media":0,"comment_status":"closed","ping_status":"open","sticky":false,"template":"","format":"standard","meta":[],"categories":[1],"tags":[],"_links":{"self":[{"href":"https:\/\/centers.ulbsibiu.ro\/ccsprise\/lact\/wp-json\/wp\/v2\/posts\/5792"}],"collection":[{"href":"https:\/\/centers.ulbsibiu.ro\/ccsprise\/lact\/wp-json\/wp\/v2\/posts"}],"about":[{"href":"https:\/\/centers.ulbsibiu.ro\/ccsprise\/lact\/wp-json\/wp\/v2\/types\/post"}],"author":[{"embeddable":true,"href":"https:\/\/centers.ulbsibiu.ro\/ccsprise\/lact\/wp-json\/wp\/v2\/users\/2"}],"replies":[{"embeddable":true,"href":"https:\/\/centers.ulbsibiu.ro\/ccsprise\/lact\/wp-json\/wp\/v2\/comments?post=5792"}],"version-history":[{"count":1,"href":"https:\/\/centers.ulbsibiu.ro\/ccsprise\/lact\/wp-json\/wp\/v2\/posts\/5792\/revisions"}],"predecessor-version":[{"id":5793,"href":"https:\/\/centers.ulbsibiu.ro\/ccsprise\/lact\/wp-json\/wp\/v2\/posts\/5792\/revisions\/5793"}],"wp:attachment":[{"href":"https:\/\/centers.ulbsibiu.ro\/ccsprise\/lact\/wp-json\/wp\/v2\/media?parent=5792"}],"wp:term":[{"taxonomy":"category","embeddable":true,"href":"https:\/\/centers.ulbsibiu.ro\/ccsprise\/lact\/wp-json\/wp\/v2\/categories?post=5792"},{"taxonomy":"post_tag","embeddable":true,"href":"https:\/\/centers.ulbsibiu.ro\/ccsprise\/lact\/wp-json\/wp\/v2\/tags?post=5792"}],"curies":[{"name":"wp","href":"https:\/\/api.w.org\/{rel}","templated":true}]}}