{"id":5789,"date":"2019-01-09T18:51:48","date_gmt":"2019-01-09T16:51:48","guid":{"rendered":"https:\/\/centers.ulbsibiu.ro\/ccsprise\/lact\/?p=5789"},"modified":"2019-01-09T18:52:04","modified_gmt":"2019-01-09T16:52:04","slug":"noi-md-in-transnistria-a-fost-perfectionata-ordinea-de-transportare-a-marfurilor-de-catre-persoane-fizice","status":"publish","type":"post","link":"https:\/\/centers.ulbsibiu.ro\/ccsprise\/lact\/noi-md-in-transnistria-a-fost-perfectionata-ordinea-de-transportare-a-marfurilor-de-catre-persoane-fizice\/","title":{"rendered":"Noi.md &#8211; \u00cen Transnistria, a fost perfec\u0163ionat\u0103 ordinea de transportare a m\u0103rfurilor de c\u0103tre persoane fizice"},"content":{"rendered":"<p>\u00cen Transnistria a fost \u00eembun\u0103t\u0103\u021bit\u0103 procedura de transportare la frontier\u0103 a m\u0103rfurilor de c\u0103tre persoane fizice, transmite Noi.md.Informa\u0163ia vine din partea Comitetului Vamal de Stat al Transnistriei cu men\u0163iunea c\u0103, \u00eencep\u00eend cu data de 1 ianuarie, 2019, a intrat \u00een vigoare un decret al guvernului din 29 decembrie, 2018, prin care au fost aprobate listele de m\u0103rfuri permise pentru importul \u0219i exportul f\u0103r\u0103 aplicarea de taxe vamale de c\u0103tre persoane fizice, totodat\u0103 fiind anulate restric\u021biile anterioare privind costurile pentru anumite categorii de m\u0103rfuri importate \u00een scopuri personale.<\/p>\n<p>Plus la cele indicate, prin decretul guvernului Transnistriei nr. 486 din 29 decembrie, 2018 a fost aprobat\u0103 Lista categoriilor de m\u0103rfuri care nu au leg\u0103tur\u0103 cu m\u0103rfurile pentru uz personal, precum \u0219i Lista anumitor tipuri de unit\u0103\u0163i de transport auto \u015fi moto \u0219i remorci pentru unit\u0103\u0163i de transport auto \u015fi moto, folosite \u00een scopuri personale, importate de persoane fizice cu plata taxelor \u0219i a impozitelor vamale.<\/p>\n<p>Cite\u0219te mai mult: <a href=\"https:\/\/noi.md\/md\/transnistria\/in-transnistria-a-fost-perfectionata-ordinea-de-transportare-a-marfurilor-de-catre-persoane-fizice?fbclid=IwAR3sh9SW0OMsTySszxAEOh1weMzhmfy5vgH7iGakvpuFEP-NBayhO7_K53k\">https:\/\/noi.md\/md\/transnistria\/in-transnistria-a-fost-perfectionata-ordinea-de-transportare-a-marfurilor-de-catre-persoane-fizice?fbclid=IwAR3sh9SW0OMsTySszxAEOh1weMzhmfy5vgH7iGakvpuFEP-NBayhO7_K53k<\/a><br \/>\nFacebook: <a href=\"https:\/\/www.facebook.com\/NOI.md\/\">NOI.md<\/a> | Odnoklassniki: <a href=\"https:\/\/www.ok.ru\/noi.moldova\">Noi.Moldova<\/a><\/p>\n","protected":false},"excerpt":{"rendered":"<p>\u00cen Transnistria a fost \u00eembun\u0103t\u0103\u021bit\u0103 procedura de transportare la frontier\u0103 a m\u0103rfurilor de c\u0103tre persoane fizice, transmite Noi.md.Informa\u0163ia vine din partea Comitetului Vamal de Stat al Transnistriei cu men\u0163iunea c\u0103, \u00eencep\u00eend cu data de 1 ianuarie, 2019, a intrat \u00een vigoare un decret al guvernului din 29 decembrie, 2018, prin care au fost aprobate listele&#8230;<\/p>\n","protected":false},"author":2,"featured_media":0,"comment_status":"closed","ping_status":"open","sticky":false,"template":"","format":"standard","meta":[],"categories":[1],"tags":[],"_links":{"self":[{"href":"https:\/\/centers.ulbsibiu.ro\/ccsprise\/lact\/wp-json\/wp\/v2\/posts\/5789"}],"collection":[{"href":"https:\/\/centers.ulbsibiu.ro\/ccsprise\/lact\/wp-json\/wp\/v2\/posts"}],"about":[{"href":"https:\/\/centers.ulbsibiu.ro\/ccsprise\/lact\/wp-json\/wp\/v2\/types\/post"}],"author":[{"embeddable":true,"href":"https:\/\/centers.ulbsibiu.ro\/ccsprise\/lact\/wp-json\/wp\/v2\/users\/2"}],"replies":[{"embeddable":true,"href":"https:\/\/centers.ulbsibiu.ro\/ccsprise\/lact\/wp-json\/wp\/v2\/comments?post=5789"}],"version-history":[{"count":2,"href":"https:\/\/centers.ulbsibiu.ro\/ccsprise\/lact\/wp-json\/wp\/v2\/posts\/5789\/revisions"}],"predecessor-version":[{"id":5791,"href":"https:\/\/centers.ulbsibiu.ro\/ccsprise\/lact\/wp-json\/wp\/v2\/posts\/5789\/revisions\/5791"}],"wp:attachment":[{"href":"https:\/\/centers.ulbsibiu.ro\/ccsprise\/lact\/wp-json\/wp\/v2\/media?parent=5789"}],"wp:term":[{"taxonomy":"category","embeddable":true,"href":"https:\/\/centers.ulbsibiu.ro\/ccsprise\/lact\/wp-json\/wp\/v2\/categories?post=5789"},{"taxonomy":"post_tag","embeddable":true,"href":"https:\/\/centers.ulbsibiu.ro\/ccsprise\/lact\/wp-json\/wp\/v2\/tags?post=5789"}],"curies":[{"name":"wp","href":"https:\/\/api.w.org\/{rel}","templated":true}]}}