{"id":5787,"date":"2019-01-07T10:24:57","date_gmt":"2019-01-07T08:24:57","guid":{"rendered":"https:\/\/centers.ulbsibiu.ro\/ccsprise\/lact\/?p=5787"},"modified":"2019-01-07T10:24:57","modified_gmt":"2019-01-07T08:24:57","slug":"allmoldova-com-numerele-neutre-la-mare-cautare-pentru-anul-2019-sunt-inregistrate-3-000-de-solicitari","status":"publish","type":"post","link":"https:\/\/centers.ulbsibiu.ro\/ccsprise\/lact\/allmoldova-com-numerele-neutre-la-mare-cautare-pentru-anul-2019-sunt-inregistrate-3-000-de-solicitari\/","title":{"rendered":"Allmoldova.com &#8211; NUMERELE NEUTRE, la mare c\u0103utare. Pentru anul 2019 sunt \u00eenregistrate 3.000 de solicit\u0103ri"},"content":{"rendered":"<p class=\"lead-text\">Se vor odihni la mare sau la munte \u00een Rom\u00e2nia sau \u00een alte \u0163\u0103ri europene. Sunt planurile a mai multor locuitori din regiunea transnistrean\u0103, care \u015fi-au perfectat numere de \u00eenmatriculare neutre.<\/p>\n<div class=\"content-container\">\n<p>Potrivit Biroului pentru Reintegrare, p\u00e2n\u0103 acum aproape 2.350 de ma\u015fini din st\u00e2nga Nistrului au fost \u00eenregistrate la ghi\u015feele Agen\u0163iei Servicii Publice de la Tiraspol \u015fi R\u00e2bni\u0163a.<\/p>\n<p>&#8220;Se spune c\u0103 la mare \u00een Rom\u00e2nia, \u00een Constan\u0163a, este foarte frumos. O s\u0103 merg acolo anul acesta datorit\u0103 numerelor de \u00eenmatriculare neutre.&#8221;<\/p>\n<p>Pl\u0103cu\u021bele neutre care con\u0163in trei litere \u0219i trei cifre au \u00eenceput s\u0103 fie eliberate din data de 10 septembrie. La intrare \u00een ora\u015ful Bender deja pot fi observate multe automobile cu astfel de numere.<\/p>\n<p>&#8221; \u00cenc\u0103 nu am ie\u015fit din \u0163ar\u0103, pentru c\u0103 abia \u00eenainte de Revelion am ob\u0163inut pa\u015faportul tehnic. \u00cens\u0103, pe viitor planific\u0103m s\u0103 facem acest lucru. Asta pentru c\u0103 rudele mele locuiesc \u00een str\u0103in\u0103tate. &#8221;<\/p>\n<p>&#8221; Este foarte bine. Vom putea merge \u00een Europa \u00een scopuri personale.&#8221;<\/p>\n<p>&#8221; Dac\u0103 am avut 2348 de mijloace de transport, 92 de procente din num\u0103rul total \u00een anul 2018 sunt deja preschimbate permise moldovene\u015fti. Deci nu exist\u0103 niciun dubii c\u0103 cet\u0103\u0163enii Republicii Moldova care locuiesc pe malul st\u00e2ng al Nistrului doresc s\u0103 vin\u0103 \u00een c\u00e2mpul legal&#8221;, a spus\u00a0vicepremierul pentru Reintegrare, Cristina Lesnic.<\/p>\n<p>Odat\u0103 cu ob\u021binerea numerelor neutre, proprietarii ma\u0219inilor primesc \u0219i un pa\u0219aport tehnic, iar pe vehicul este aplicat un sticker cu simbolul &#8220;MD&#8221;.<\/p>\n<p>&#8221; \u00cen urma discu\u0163iilor at\u00e2t cu partea ucrainean\u0103, c\u00e2t \u015fi cu partea rom\u00e2n\u0103, nu avem careva impedimente la ie\u015firea din Republica Moldova. Doar c\u0103 persoana trebuie s\u0103 beneficieze de condi\u0163iile legale ale Republicii Moldova pentru ie\u015fire. Stickerul MD la momentul actual trebuie s\u0103 fie amplasat pe mijlocul de transport&#8221;,\u00a0\u00a0a spus\u00a0vicepremierul pentru Reintegrare, Cristina Lesnic.<\/p>\n<p>Potrivit prognozelor autorit\u0103\u0163ilor, \u00een 2019, acest mecanism va fi \u015fi mai solicitat. Asta deoarece pentru acest an deja sunt \u00eenregistrate \u00een jur de 3.000 de solicit\u0103ri pentru a perfecta numere de \u00eenmatriculare neutre.<\/p>\n<p>Toamna trecut\u0103, \u015fi jurnali\u015ftii din regiunea transnistrean\u0103 au f\u0103cut un reportaj, \u00een care povestesc despre avantajele acestei decizii. Un post local de televiziune, care a mers \u00een Rom\u00e2nia, a filmat c\u0103l\u0103toria echipei cu o ma\u015fin\u0103 cu pl\u0103cu\u0163e neutre.<\/p>\n<p>Ziari\u015ftii au r\u0103mas pl\u0103cut surprin\u015fi de locurile pitore\u015fti ale Rom\u00e2niei, dar \u015fi de bucatele tradi\u0163ionale din \u0163ara vecin\u0103.<\/p>\n<p>Protocolul privind introducerea numerele de \u00eenmatriculare neutre a fost semnat \u00een aprilie 2018. Astfel, \u00een premier\u0103, a fost solu\u0163ionat\u0103 problema admiterii vehiculelor din regiunea transnistrean\u0103 \u00een traficul interna\u0163ional.<\/p>\n<p>Sursa:\u00a0<a href=\"http:\/\/www.allmoldova.com\/ro\/news\/numerele-neutre-la-mare-cautare-pentru-anul-2019-sunt-inregistrate-3-000-de-solicitari?fbclid=IwAR0jTjqquLRNkvrELq4u6GpFwnLFaKqkfowLFrZlFlRsOh5wdgF9Ue_smgk\">http:\/\/www.allmoldova.com\/<\/a><\/p>\n<\/div>\n","protected":false},"excerpt":{"rendered":"<p>Se vor odihni la mare sau la munte \u00een Rom\u00e2nia sau \u00een alte \u0163\u0103ri europene. Sunt planurile a mai multor locuitori din regiunea transnistrean\u0103, care \u015fi-au perfectat numere de \u00eenmatriculare neutre. Potrivit Biroului pentru Reintegrare, p\u00e2n\u0103 acum aproape 2.350 de ma\u015fini din st\u00e2nga Nistrului au fost \u00eenregistrate la ghi\u015feele Agen\u0163iei Servicii Publice de la Tiraspol&#8230;<\/p>\n","protected":false},"author":2,"featured_media":0,"comment_status":"closed","ping_status":"open","sticky":false,"template":"","format":"standard","meta":[],"categories":[1],"tags":[],"_links":{"self":[{"href":"https:\/\/centers.ulbsibiu.ro\/ccsprise\/lact\/wp-json\/wp\/v2\/posts\/5787"}],"collection":[{"href":"https:\/\/centers.ulbsibiu.ro\/ccsprise\/lact\/wp-json\/wp\/v2\/posts"}],"about":[{"href":"https:\/\/centers.ulbsibiu.ro\/ccsprise\/lact\/wp-json\/wp\/v2\/types\/post"}],"author":[{"embeddable":true,"href":"https:\/\/centers.ulbsibiu.ro\/ccsprise\/lact\/wp-json\/wp\/v2\/users\/2"}],"replies":[{"embeddable":true,"href":"https:\/\/centers.ulbsibiu.ro\/ccsprise\/lact\/wp-json\/wp\/v2\/comments?post=5787"}],"version-history":[{"count":1,"href":"https:\/\/centers.ulbsibiu.ro\/ccsprise\/lact\/wp-json\/wp\/v2\/posts\/5787\/revisions"}],"predecessor-version":[{"id":5788,"href":"https:\/\/centers.ulbsibiu.ro\/ccsprise\/lact\/wp-json\/wp\/v2\/posts\/5787\/revisions\/5788"}],"wp:attachment":[{"href":"https:\/\/centers.ulbsibiu.ro\/ccsprise\/lact\/wp-json\/wp\/v2\/media?parent=5787"}],"wp:term":[{"taxonomy":"category","embeddable":true,"href":"https:\/\/centers.ulbsibiu.ro\/ccsprise\/lact\/wp-json\/wp\/v2\/categories?post=5787"},{"taxonomy":"post_tag","embeddable":true,"href":"https:\/\/centers.ulbsibiu.ro\/ccsprise\/lact\/wp-json\/wp\/v2\/tags?post=5787"}],"curies":[{"name":"wp","href":"https:\/\/api.w.org\/{rel}","templated":true}]}}