{"id":5785,"date":"2019-01-03T19:11:51","date_gmt":"2019-01-03T17:11:51","guid":{"rendered":"https:\/\/centers.ulbsibiu.ro\/ccsprise\/lact\/?p=5785"},"modified":"2019-01-03T19:11:51","modified_gmt":"2019-01-03T17:11:51","slug":"noi-md-transnistria-a-impus-taxe-de-export-pentru-semintele-oleaginoase-si-cereale","status":"publish","type":"post","link":"https:\/\/centers.ulbsibiu.ro\/ccsprise\/lact\/noi-md-transnistria-a-impus-taxe-de-export-pentru-semintele-oleaginoase-si-cereale\/","title":{"rendered":"Noi.md &#8211; Transnistria a impus taxe de export pentru semin\u021bele oleaginoase \u0219i cereale"},"content":{"rendered":"<p>\u00cencep\u00eend cu 1 ianuarie, 2019, Transnistria a introdus o tax\u0103 vamal\u0103 sezonier\u0103 la exporturile de semin\u021be oleaginoase \u0219i cereale, informeaz\u0103 Noi.md.O decizie \u00een acest sens adoptat\u0103 de executivul transnistrean va fi valabil\u0103 p\u00een\u0103 la 31 decembrie, 2019 \u0219i \u00eei va viza pe agen\u0163ii economici care export\u0103 aceste tipuri de produse din regiune, comercializ\u00eendu-le \u00een str\u0103in\u0103tate la pre\u021buri mai mici dec\u00eet cele indicative (stabilite de Ministerul Dezvolt\u0103rii Economice din Transnistria).<\/p>\n<p>Taxarea de c\u0103tre Transnistria a exporturilor men\u021bionate are drept scop prevenirea deficitului de valut\u0103 str\u0103in\u0103 \u00een regiune din cauza subevalu\u0103rii m\u0103rfurilor exportate. Valoarea taxei va fi alc\u0103tuit\u0103 din diferen\u021ba dintre pre\u021bul indicativ stabilit la data recep\u0163ion\u0103rii declara\u021biei vamale \u0219i valoarea m\u0103rfurilor specificate \u00een contract (acordul de comer\u021b exterior).Taxa sezonier\u0103 de export se va aplica gr\u00eeului \u0219i meslinului, orzului, ov\u0103zului, porumbului, n\u0103utului \u0219i soii, semin\u021belor de in, rapi\u021bei, precum \u0219i semin\u0163elor de floarea-soarelui.<\/p>\n<p>Cite\u0219te mai mult: <a href=\"https:\/\/noi.md\/md\/transnistria\/transnistria-a-impus-taxe-de-export-pentru-semintele-oleaginoase-si-cereale?fbclid=IwAR1xJXA4XSRI0wRtOk4RahWU_Kk93L6-cdLjgglEGI-74fdP1u0n2FbGvYM\">https:\/\/noi.md\/md\/transnistria\/transnistria-a-impus-taxe-de-export-pentru-semintele-oleaginoase-si-cereale?fbclid=IwAR1xJXA4XSRI0wRtOk4RahWU_Kk93L6-cdLjgglEGI-74fdP1u0n2FbGvYM<\/a><br \/>\nFacebook: <a href=\"https:\/\/www.facebook.com\/NOI.md\/\">NOI.md<\/a> | Odnoklassniki: <a href=\"https:\/\/www.ok.ru\/noi.moldova\">Noi.Moldova<\/a><\/p>\n<p>&nbsp;<\/p>\n","protected":false},"excerpt":{"rendered":"<p>\u00cencep\u00eend cu 1 ianuarie, 2019, Transnistria a introdus o tax\u0103 vamal\u0103 sezonier\u0103 la exporturile de semin\u021be oleaginoase \u0219i cereale, informeaz\u0103 Noi.md.O decizie \u00een acest sens adoptat\u0103 de executivul transnistrean va fi valabil\u0103 p\u00een\u0103 la 31 decembrie, 2019 \u0219i \u00eei va viza pe agen\u0163ii economici care export\u0103 aceste tipuri de produse din regiune, comercializ\u00eendu-le \u00een str\u0103in\u0103tate&#8230;<\/p>\n","protected":false},"author":2,"featured_media":0,"comment_status":"closed","ping_status":"open","sticky":false,"template":"","format":"standard","meta":[],"categories":[1],"tags":[],"_links":{"self":[{"href":"https:\/\/centers.ulbsibiu.ro\/ccsprise\/lact\/wp-json\/wp\/v2\/posts\/5785"}],"collection":[{"href":"https:\/\/centers.ulbsibiu.ro\/ccsprise\/lact\/wp-json\/wp\/v2\/posts"}],"about":[{"href":"https:\/\/centers.ulbsibiu.ro\/ccsprise\/lact\/wp-json\/wp\/v2\/types\/post"}],"author":[{"embeddable":true,"href":"https:\/\/centers.ulbsibiu.ro\/ccsprise\/lact\/wp-json\/wp\/v2\/users\/2"}],"replies":[{"embeddable":true,"href":"https:\/\/centers.ulbsibiu.ro\/ccsprise\/lact\/wp-json\/wp\/v2\/comments?post=5785"}],"version-history":[{"count":1,"href":"https:\/\/centers.ulbsibiu.ro\/ccsprise\/lact\/wp-json\/wp\/v2\/posts\/5785\/revisions"}],"predecessor-version":[{"id":5786,"href":"https:\/\/centers.ulbsibiu.ro\/ccsprise\/lact\/wp-json\/wp\/v2\/posts\/5785\/revisions\/5786"}],"wp:attachment":[{"href":"https:\/\/centers.ulbsibiu.ro\/ccsprise\/lact\/wp-json\/wp\/v2\/media?parent=5785"}],"wp:term":[{"taxonomy":"category","embeddable":true,"href":"https:\/\/centers.ulbsibiu.ro\/ccsprise\/lact\/wp-json\/wp\/v2\/categories?post=5785"},{"taxonomy":"post_tag","embeddable":true,"href":"https:\/\/centers.ulbsibiu.ro\/ccsprise\/lact\/wp-json\/wp\/v2\/tags?post=5785"}],"curies":[{"name":"wp","href":"https:\/\/api.w.org\/{rel}","templated":true}]}}