{"id":5770,"date":"2018-12-31T09:56:13","date_gmt":"2018-12-31T07:56:13","guid":{"rendered":"https:\/\/centers.ulbsibiu.ro\/ccsprise\/lact\/?p=5770"},"modified":"2018-12-31T09:56:13","modified_gmt":"2018-12-31T07:56:13","slug":"tv8-md-chisinaul-si-tiraspolul-au-prelungit-cu-jumatate-de-an-acordul-privind-circulatia-feroviara","status":"publish","type":"post","link":"https:\/\/centers.ulbsibiu.ro\/ccsprise\/lact\/tv8-md-chisinaul-si-tiraspolul-au-prelungit-cu-jumatate-de-an-acordul-privind-circulatia-feroviara\/","title":{"rendered":"Tv8.md &#8211; Chi\u0219in\u0103ul \u0219i Tiraspolul au prelungit cu jum\u0103tate de an acordul privind circula\u021bia feroviar\u0103"},"content":{"rendered":"<p><strong>Liderul separatist de la Tiraspol, Vadim Krasnoselski, \u0219i premierul Pavel Filip au semnat, f\u0103r\u0103 s\u0103 fie organizat\u0103 o \u00eent\u00e2lnire, un protocol suplimentar la Acordul privind traficul feroviar. Documentul prelunge\u0219te termenul de ac\u021biune a acordului p\u00e2n\u0103 la 30 iunie 2019, anun\u021b\u0103 <a href=\"https:\/\/novostipmr.com\/ru\/news\/18-12-29\/pridnestrove-i-moldova-prodlili-srok-deystviya-dogovorennosti-o\">presa din regiune<\/a>.<\/strong><\/p>\n<p>Partea transnistrean\u0103 sus\u021bine c\u0103 prelungirea protocolului va permite continuarea discu\u021biei referitor la problemele care s-au adunat \u00een acest sector. \u00cen special, \u00een ceea ce \u021bine de deblocarea punctului de trecere \u201eSlobodka-Colbasna\u201d pentru importul produselor petroliere \u0219i stabilirea unui mecanism reciproc avantajos de import a m\u0103rfurilor \u00een Transnistria f\u0103r\u0103 bariere administrative \u00een plus \u0219i f\u0103r\u0103 tarie nemotivate.<\/p>\n<p>Pe site-ul Guvernului nu am g\u0103sit nicio informa\u021bie despre semnarea acestui acord.<\/p>\n<p>&nbsp;<\/p>\n<p>Sursa:\u00a0<a href=\"http:\/\/tv8.md\/2018\/12\/30\/chisinaul-si-tiraspolul-au-prelungit-cu-jumatate-de-an-acordul-privind-circulatia-feroviara\/\">http:\/\/tv8.md\/<\/a><\/p>\n","protected":false},"excerpt":{"rendered":"<p>Liderul separatist de la Tiraspol, Vadim Krasnoselski, \u0219i premierul Pavel Filip au semnat, f\u0103r\u0103 s\u0103 fie organizat\u0103 o \u00eent\u00e2lnire, un protocol suplimentar la Acordul privind traficul feroviar. Documentul prelunge\u0219te termenul de ac\u021biune a acordului p\u00e2n\u0103 la 30 iunie 2019, anun\u021b\u0103 presa din regiune. Partea transnistrean\u0103 sus\u021bine c\u0103 prelungirea protocolului va permite continuarea discu\u021biei referitor la&#8230;<\/p>\n","protected":false},"author":2,"featured_media":0,"comment_status":"closed","ping_status":"open","sticky":false,"template":"","format":"standard","meta":[],"categories":[1],"tags":[],"_links":{"self":[{"href":"https:\/\/centers.ulbsibiu.ro\/ccsprise\/lact\/wp-json\/wp\/v2\/posts\/5770"}],"collection":[{"href":"https:\/\/centers.ulbsibiu.ro\/ccsprise\/lact\/wp-json\/wp\/v2\/posts"}],"about":[{"href":"https:\/\/centers.ulbsibiu.ro\/ccsprise\/lact\/wp-json\/wp\/v2\/types\/post"}],"author":[{"embeddable":true,"href":"https:\/\/centers.ulbsibiu.ro\/ccsprise\/lact\/wp-json\/wp\/v2\/users\/2"}],"replies":[{"embeddable":true,"href":"https:\/\/centers.ulbsibiu.ro\/ccsprise\/lact\/wp-json\/wp\/v2\/comments?post=5770"}],"version-history":[{"count":1,"href":"https:\/\/centers.ulbsibiu.ro\/ccsprise\/lact\/wp-json\/wp\/v2\/posts\/5770\/revisions"}],"predecessor-version":[{"id":5771,"href":"https:\/\/centers.ulbsibiu.ro\/ccsprise\/lact\/wp-json\/wp\/v2\/posts\/5770\/revisions\/5771"}],"wp:attachment":[{"href":"https:\/\/centers.ulbsibiu.ro\/ccsprise\/lact\/wp-json\/wp\/v2\/media?parent=5770"}],"wp:term":[{"taxonomy":"category","embeddable":true,"href":"https:\/\/centers.ulbsibiu.ro\/ccsprise\/lact\/wp-json\/wp\/v2\/categories?post=5770"},{"taxonomy":"post_tag","embeddable":true,"href":"https:\/\/centers.ulbsibiu.ro\/ccsprise\/lact\/wp-json\/wp\/v2\/tags?post=5770"}],"curies":[{"name":"wp","href":"https:\/\/api.w.org\/{rel}","templated":true}]}}