{"id":5764,"date":"2018-12-28T15:41:02","date_gmt":"2018-12-28T13:41:02","guid":{"rendered":"https:\/\/centers.ulbsibiu.ro\/ccsprise\/lact\/?p=5764"},"modified":"2018-12-28T15:41:02","modified_gmt":"2018-12-28T13:41:02","slug":"gov-md-reprezentantii-tiraspolului-tensioneaza-activitatea-comisiei-unificate-de-control","status":"publish","type":"post","link":"https:\/\/centers.ulbsibiu.ro\/ccsprise\/lact\/gov-md-reprezentantii-tiraspolului-tensioneaza-activitatea-comisiei-unificate-de-control\/","title":{"rendered":"Gov.md &#8211; Reprezentan\u021bii Tiraspolului tensioneaz\u0103 activitatea Comisiei Unificate de Control"},"content":{"rendered":"<p>Demersurile delega\u021biei Republicii Moldova privind determinarea p\u0103r\u021bilor de a executa protocolul \u00een vigoare care prevede elaborarea unui mecanism de monitorizare eficient\u0103 a Zonei de Securitate au fost reiterate \u0219i \u00een cadrul \u0219edin\u021bei Comisiei Unificate de Control (CUC) din 27 decembrie.<\/p>\n<p>Men\u021binerea \u00een aten\u021bie a subiectului \u0219i insisten\u021bele delega\u021biei noastre deriv\u0103 din multiplele incidente \u00eenregistrate \u00een ultimii ani \u00een Zona de Securitate, persisten\u021ba unor \u00eenc\u0103lc\u0103ri din partea structurilor militarizate ale Tiraspolului, precum \u0219i deficien\u021bele constatate \u00een actuala procedur\u0103 de identificare \u0219i documentare a \u00eenc\u0103lc\u0103rilor.<\/p>\n<p>Argumentele prezentate, conform c\u0103rora p\u0103r\u021bile deja \u0219i-au asumat obliga\u021bia de a crea un asemenea mecanism, precum \u0219i c\u0103 acesta ar permite evitarea unor incidente pe viitor \u0219i ar contribui la men\u021binerea ordinii \u00een Zona de<br \/>\nSecuritate, nu au fost acceptate.<\/p>\n<p>Dimpotriv\u0103, delega\u021bia transnistrean\u0103 a \u00eencercat s\u0103 promoveze \u00een agenda \u0219edin\u021bei subiectul privind neadmiterea modific\u0103rii mecanismelor existente de control al situa\u021biei \u00een Zona de Securitate.<\/p>\n<p>Pe parcurs, conduc\u0103torul delega\u021biei transnistrene a fost aten\u021bionat asupra evit\u0103rii utiliz\u0103rii platformei CUC pentru lansarea unor declara\u021bii politice \u0219i\u00a0 dezinform\u0103rii opiniei publice \u00een calitate de copre\u0219edinte al Comisiei, lans\u00eend \u00een spa\u021biul public informa\u021bii \u0219i aprecieri ce nu corespund realit\u0103\u021bii.<\/p>\n<p>\u00cen spe\u021b\u0103, la data de 25 decembrie, \u00een interviul acordat unei publica\u021bii, acesta a declarat c\u0103 Chi\u0219in\u0103ul ar destabiliza situa\u021bia din Zona de Securitate \u0219i ar crea un context negativ \u00een procesul de reglementare a conflictului.<\/p>\n<p>Gestul este regretabil \u00een condi\u021biile \u00een care, \u00een cadrul \u0219edin\u021belor Comisiei, acesta a notat anterior existen\u021ba unor abord\u0103ri constructive \u0219i tendin\u021be de a solu\u021biona problemele atribuite \u00een competen\u021ba Comisiei.<\/p>\n<p>\u00cen urma unor discu\u021bii \u00eencordate, \u0219edin\u021ba s-a finalizat f\u0103r\u0103 a fi atins un numitor comun la formarea ordinii de zi.<\/p>\n<p>Cu ocazia s\u0103rb\u0103torilor de iarn\u0103, membrii Comisiei Unificate de Control au semnat o felicitare adresat\u0103 c\u0103tre pacificatori \u0219i locuitorii Zonei de Securitate de pe ambele maluri ale Nistrului. \u00cen mod tradi\u021bional, la data de 30 decembrie reprezentan\u021bii CUC se vor deplasa la posturile comune nr. 6, 7, \u0219i 8 (drept\/st\u00eeng) situate pe segmentul central al Zonei de Securitate pentru felicitarea pacificatorilor.<\/p>\n<p>&nbsp;<\/p>\n<p>Delega\u021bia Republicii Moldova \u00een Comisia Unificat\u0103 de Control<\/p>\n<p>Sursa:\u00a0<a href=\"https:\/\/gov.md\/ro\/content\/reprezentantii-tiraspolului-tensioneaza-activitatea-comisiei-unificate-de-control?fbclid=IwAR37LiKa8Uv_yikU5-j07LoVvAkzVL1AxxE22mFA3JZYRF4rsATp97FmKnI\">https:\/\/gov.md\/<\/a><\/p>\n<p>&nbsp;<\/p>\n","protected":false},"excerpt":{"rendered":"<p>Demersurile delega\u021biei Republicii Moldova privind determinarea p\u0103r\u021bilor de a executa protocolul \u00een vigoare care prevede elaborarea unui mecanism de monitorizare eficient\u0103 a Zonei de Securitate au fost reiterate \u0219i \u00een cadrul \u0219edin\u021bei Comisiei Unificate de Control (CUC) din 27 decembrie. Men\u021binerea \u00een aten\u021bie a subiectului \u0219i insisten\u021bele delega\u021biei noastre deriv\u0103 din multiplele incidente \u00eenregistrate \u00een&#8230;<\/p>\n","protected":false},"author":2,"featured_media":0,"comment_status":"closed","ping_status":"open","sticky":false,"template":"","format":"standard","meta":[],"categories":[1],"tags":[],"_links":{"self":[{"href":"https:\/\/centers.ulbsibiu.ro\/ccsprise\/lact\/wp-json\/wp\/v2\/posts\/5764"}],"collection":[{"href":"https:\/\/centers.ulbsibiu.ro\/ccsprise\/lact\/wp-json\/wp\/v2\/posts"}],"about":[{"href":"https:\/\/centers.ulbsibiu.ro\/ccsprise\/lact\/wp-json\/wp\/v2\/types\/post"}],"author":[{"embeddable":true,"href":"https:\/\/centers.ulbsibiu.ro\/ccsprise\/lact\/wp-json\/wp\/v2\/users\/2"}],"replies":[{"embeddable":true,"href":"https:\/\/centers.ulbsibiu.ro\/ccsprise\/lact\/wp-json\/wp\/v2\/comments?post=5764"}],"version-history":[{"count":1,"href":"https:\/\/centers.ulbsibiu.ro\/ccsprise\/lact\/wp-json\/wp\/v2\/posts\/5764\/revisions"}],"predecessor-version":[{"id":5765,"href":"https:\/\/centers.ulbsibiu.ro\/ccsprise\/lact\/wp-json\/wp\/v2\/posts\/5764\/revisions\/5765"}],"wp:attachment":[{"href":"https:\/\/centers.ulbsibiu.ro\/ccsprise\/lact\/wp-json\/wp\/v2\/media?parent=5764"}],"wp:term":[{"taxonomy":"category","embeddable":true,"href":"https:\/\/centers.ulbsibiu.ro\/ccsprise\/lact\/wp-json\/wp\/v2\/categories?post=5764"},{"taxonomy":"post_tag","embeddable":true,"href":"https:\/\/centers.ulbsibiu.ro\/ccsprise\/lact\/wp-json\/wp\/v2\/tags?post=5764"}],"curies":[{"name":"wp","href":"https:\/\/api.w.org\/{rel}","templated":true}]}}