{"id":5762,"date":"2018-12-27T17:08:13","date_gmt":"2018-12-27T15:08:13","guid":{"rendered":"https:\/\/centers.ulbsibiu.ro\/ccsprise\/lact\/?p=5762"},"modified":"2018-12-27T17:08:13","modified_gmt":"2018-12-27T15:08:13","slug":"infotag-md-un-deputat-al-sovietului-suprem-al-transnistriei-este-implicat-intr-un-dosar-privind-delapidarea-banilor-publici","status":"publish","type":"post","link":"https:\/\/centers.ulbsibiu.ro\/ccsprise\/lact\/infotag-md-un-deputat-al-sovietului-suprem-al-transnistriei-este-implicat-intr-un-dosar-privind-delapidarea-banilor-publici\/","title":{"rendered":"Infotag.md &#8211; UN DEPUTAT AL SOVIETULUI SUPREM AL TRANSNISTRIEI ESTE IMPLICAT \u00ceNTR-UN DOSAR PRIVIND DELAPIDAREA BANILOR PUBLICI"},"content":{"rendered":"<p>Deputatul Sovietului Suprem al Transnistriei, Vasilii Vlasov, este implicat \u00eentr-un dosar privind delapidarea banilor publici \u00een propor\u0163ii deosebit de mari \u00een perioada c\u00e2nd de\u0163inea func\u0163ia de direct al \u00eentreprinderii \u201eTirasteploenergo\u201d.<br \/>\nPotrivit agen\u0163iei INFOTAG cu referire la presa din regiune, procurorul autoproclamatei RMN, Anatolii Gure\u0163ki, a solicitat Sovietului Suprem s\u0103-\u015fi dea acordul pentru re\u0163inerea, interogarea \u0219i arestarea alesului poporului.<br \/>\nEl a spus c\u0103 la filiala \u201eTirasteploenergo\u201d din R\u00eebn\u0163a a fost \u00eenregistrat un angajat care nici nu exist\u0103, dar salariul s\u0103u era pl\u0103tit regulat pe card. E vorba de circa 57 mii ruble ($3,56 mii). Beneficiarul final al banilor, potrivit procurorilor, era Vlasov. Func\u021bionara care a depus m\u0103rturii \u00eempotriva deputatului sus\u0163ine c\u0103 nu a avut niciun beneficiu material din aceast\u0103 schem\u0103.<br \/>\nGure\u0163ki a men\u0163ionat c\u0103, \u00een cadrul anchetei, Vlasov a \u00eencercat activ s\u0103 influen\u0163eze asupra dosarului penal, \u00een special, a \u00eempiedicat ob\u0163inerea m\u0103rturiilor de la alte persoane.<br \/>\nVlasov nu a venit la \u015fedin\u0163a Sovietului Suprem \u201edin cauza problemelor de s\u0103n\u0103tate\u201d, dar s-a adresat colegilor cu o scrisoare. \u00cen aceasta el afirm\u0103 c\u0103 \u00een cauza penal\u0103 el a fost invitat de Comitetul de anchet\u0103 \u00een calitate de martor \u015fi subliniaz\u0103 s\u0103 m\u0103rturiile au fost depuse de func\u0163ionara care are statut de acuzat.<br \/>\nExamin\u00e2nd cererea procurorului, comisia parlamentar\u0103 pentru mandate, regulament \u015fi etica de deputat a refuzat re\u0163inerea deputatului, dar a acceptat \u201edesf\u0103\u015furarea m\u0103surilor de anchet\u0103 \u00een privin\u0163a lui\u201d.<\/p>\n<p>Sursa:\u00a0<a href=\"http:\/\/www.infotag.md\/rebelion-ro\/270861\/\">http:\/\/www.infotag.md\/<\/a><\/p>\n","protected":false},"excerpt":{"rendered":"<p>Deputatul Sovietului Suprem al Transnistriei, Vasilii Vlasov, este implicat \u00eentr-un dosar privind delapidarea banilor publici \u00een propor\u0163ii deosebit de mari \u00een perioada c\u00e2nd de\u0163inea func\u0163ia de direct al \u00eentreprinderii \u201eTirasteploenergo\u201d. Potrivit agen\u0163iei INFOTAG cu referire la presa din regiune, procurorul autoproclamatei RMN, Anatolii Gure\u0163ki, a solicitat Sovietului Suprem s\u0103-\u015fi dea acordul pentru re\u0163inerea, interogarea \u0219i&#8230;<\/p>\n","protected":false},"author":2,"featured_media":0,"comment_status":"closed","ping_status":"open","sticky":false,"template":"","format":"standard","meta":[],"categories":[1],"tags":[],"_links":{"self":[{"href":"https:\/\/centers.ulbsibiu.ro\/ccsprise\/lact\/wp-json\/wp\/v2\/posts\/5762"}],"collection":[{"href":"https:\/\/centers.ulbsibiu.ro\/ccsprise\/lact\/wp-json\/wp\/v2\/posts"}],"about":[{"href":"https:\/\/centers.ulbsibiu.ro\/ccsprise\/lact\/wp-json\/wp\/v2\/types\/post"}],"author":[{"embeddable":true,"href":"https:\/\/centers.ulbsibiu.ro\/ccsprise\/lact\/wp-json\/wp\/v2\/users\/2"}],"replies":[{"embeddable":true,"href":"https:\/\/centers.ulbsibiu.ro\/ccsprise\/lact\/wp-json\/wp\/v2\/comments?post=5762"}],"version-history":[{"count":1,"href":"https:\/\/centers.ulbsibiu.ro\/ccsprise\/lact\/wp-json\/wp\/v2\/posts\/5762\/revisions"}],"predecessor-version":[{"id":5763,"href":"https:\/\/centers.ulbsibiu.ro\/ccsprise\/lact\/wp-json\/wp\/v2\/posts\/5762\/revisions\/5763"}],"wp:attachment":[{"href":"https:\/\/centers.ulbsibiu.ro\/ccsprise\/lact\/wp-json\/wp\/v2\/media?parent=5762"}],"wp:term":[{"taxonomy":"category","embeddable":true,"href":"https:\/\/centers.ulbsibiu.ro\/ccsprise\/lact\/wp-json\/wp\/v2\/categories?post=5762"},{"taxonomy":"post_tag","embeddable":true,"href":"https:\/\/centers.ulbsibiu.ro\/ccsprise\/lact\/wp-json\/wp\/v2\/tags?post=5762"}],"curies":[{"name":"wp","href":"https:\/\/api.w.org\/{rel}","templated":true}]}}