{"id":5760,"date":"2018-12-27T17:01:51","date_gmt":"2018-12-27T15:01:51","guid":{"rendered":"https:\/\/centers.ulbsibiu.ro\/ccsprise\/lact\/?p=5760"},"modified":"2020-06-12T12:07:51","modified_gmt":"2020-06-12T10:07:51","slug":"europalibera-org-grigori-volovoi-orice-ar-spune-cei-de-la-tiraspol-despre-independenta-procesele-reintegrationiste-capata-turatii","status":"publish","type":"post","link":"https:\/\/centers.ulbsibiu.ro\/ccsprise\/lact\/europalibera-org-grigori-volovoi-orice-ar-spune-cei-de-la-tiraspol-despre-independenta-procesele-reintegrationiste-capata-turatii\/","title":{"rendered":"Europalibera.org &#8211; Grigori Volovoi: \u201eOrice ar spune cei de la Tiraspol despre independen\u021b\u0103, procesele reintegra\u021bioniste cap\u0103t\u0103 tura\u021bii\u201d"},"content":{"rendered":"<ul class=\"links__list links__list--column\">\n<li class=\"links__item\"><a class=\"links__item-link\" title=\"Lina Gr\u00e2u\" href=\"https:\/\/www.europalibera.org\/author\/22344.html\">Lina Gr\u00e2u<\/a><\/li>\n<\/ul>\n<p>Cum se v\u0103d evolu\u021biile din acest an, din perspectiva regiunii transnistrene?<br \/>\nDe vorb\u0103 cu jurnalistul \u0219i analistul politic Grigori Volovoi, de la Bender, directorul portalului Dnestr TV \u0219i a postului de televiziune cu acela\u0219i nume.<\/p>\n<p><strong>Europa Liber\u0103: Despre anul 2018 OSCE \u0219i al\u021bi mediatori \u00een formatul 5+2 spun c\u0103 a fost unul foarte productiv \u0219i sunt multe rezultate bune \u00een rela\u021biile dintre Chi\u015fin\u0103u \u0219i Tiraspol. Pe de alt\u0103 parte, exist\u0103 \u0219i mul\u021bi critici a ceea ce s-a \u00eent\u00e2mplat, \u00een particular exper\u021bii moldoveni spun c\u0103 Chi\u015fin\u0103ul a cedat Tiraspolului mai multe p\u00e2rghii \u0219i atribute ale suveranit\u0103\u021bii. Care crede\u021bi c\u0103 sunt cele mai importante evenimente ale anului 2018?<\/strong><\/p>\n<p><strong>Grigori Volovoi:<\/strong> \u201eCriticilor despre care vorbi\u021bi le-a\u0219 recomanda s\u0103-\u0219i aminteasc\u0103 despre vorba popular\u0103 care spune c\u0103 nu po\u021bi s\u0103 prime\u0219ti ceva f\u0103r\u0103 s\u0103 oferi nimic \u00een schimb. \u00cen orice situa\u021bie procesul de negocieri presupune un compromis.<\/p>\n<p>Dac\u0103 e s\u0103 vorbim despre rela\u021bia dintre Republica Moldova \u0219i Transnistria, putem spune c\u0103 acum se observ\u0103 o atragere foarte puternic\u0103 a Transnistriei \u00een c\u00e2mpul legal al Republicii Moldova. Acest lucru nu este un secret \u0219i a \u00eenceput nu \u00een 2018, ci mult mai devreme, atunci c\u00e2nd pe teritoriul Transnistriei au ap\u0103rut vame\u0219ii moldoveni. Acum acest lucru se amplific\u0103 \u0219i eliberarea de numere neutre \u00eempreun\u0103 cu permisul de conducere moldovenesc \u0219i pa\u0219aportul tehnic cu revizia tehnic\u0103 moldoveneasc\u0103 confirm\u0103 \u00eenc\u0103 o dat\u0103 aceast\u0103 tendin\u021b\u0103. Deja peste 3000 ma\u0219ini circul\u0103 cu numere neutre \u0219i \u00een\u021beleg c\u0103 r\u00e2ndul este deja rezervat p\u00e2n\u0103 la sf\u00e2r\u0219itul anului viitor.<\/p>\n<p>Textul complet:\u00a0<a href=\"https:\/\/www.europalibera.org\/a\/29673910.html\">https:\/\/www.europalibera.org<\/a><\/p>\n<p>&nbsp;<\/p>\n","protected":false},"excerpt":{"rendered":"<p>Lina Gr\u00e2u Cum se v\u0103d evolu\u021biile din acest an, din perspectiva regiunii transnistrene? De vorb\u0103 cu jurnalistul \u0219i analistul politic Grigori Volovoi, de la Bender, directorul portalului Dnestr TV \u0219i a postului de televiziune cu acela\u0219i nume. Europa Liber\u0103: Despre anul 2018 OSCE \u0219i al\u021bi mediatori \u00een formatul 5+2 spun c\u0103 a fost unul foarte&#8230;<\/p>\n","protected":false},"author":2,"featured_media":0,"comment_status":"closed","ping_status":"open","sticky":false,"template":"","format":"standard","meta":[],"categories":[1],"tags":[],"_links":{"self":[{"href":"https:\/\/centers.ulbsibiu.ro\/ccsprise\/lact\/wp-json\/wp\/v2\/posts\/5760"}],"collection":[{"href":"https:\/\/centers.ulbsibiu.ro\/ccsprise\/lact\/wp-json\/wp\/v2\/posts"}],"about":[{"href":"https:\/\/centers.ulbsibiu.ro\/ccsprise\/lact\/wp-json\/wp\/v2\/types\/post"}],"author":[{"embeddable":true,"href":"https:\/\/centers.ulbsibiu.ro\/ccsprise\/lact\/wp-json\/wp\/v2\/users\/2"}],"replies":[{"embeddable":true,"href":"https:\/\/centers.ulbsibiu.ro\/ccsprise\/lact\/wp-json\/wp\/v2\/comments?post=5760"}],"version-history":[{"count":1,"href":"https:\/\/centers.ulbsibiu.ro\/ccsprise\/lact\/wp-json\/wp\/v2\/posts\/5760\/revisions"}],"predecessor-version":[{"id":5761,"href":"https:\/\/centers.ulbsibiu.ro\/ccsprise\/lact\/wp-json\/wp\/v2\/posts\/5760\/revisions\/5761"}],"wp:attachment":[{"href":"https:\/\/centers.ulbsibiu.ro\/ccsprise\/lact\/wp-json\/wp\/v2\/media?parent=5760"}],"wp:term":[{"taxonomy":"category","embeddable":true,"href":"https:\/\/centers.ulbsibiu.ro\/ccsprise\/lact\/wp-json\/wp\/v2\/categories?post=5760"},{"taxonomy":"post_tag","embeddable":true,"href":"https:\/\/centers.ulbsibiu.ro\/ccsprise\/lact\/wp-json\/wp\/v2\/tags?post=5760"}],"curies":[{"name":"wp","href":"https:\/\/api.w.org\/{rel}","templated":true}]}}