{"id":5758,"date":"2018-12-27T16:58:49","date_gmt":"2018-12-27T14:58:49","guid":{"rendered":"https:\/\/centers.ulbsibiu.ro\/ccsprise\/lact\/?p=5758"},"modified":"2018-12-27T16:58:49","modified_gmt":"2018-12-27T14:58:49","slug":"gov-md-intrevederea-viceprim-ministrului-cristina-lesnic-cu-ambasadorul-sua-in-republica-moldova-dereck-j-hogan","status":"publish","type":"post","link":"https:\/\/centers.ulbsibiu.ro\/ccsprise\/lact\/gov-md-intrevederea-viceprim-ministrului-cristina-lesnic-cu-ambasadorul-sua-in-republica-moldova-dereck-j-hogan\/","title":{"rendered":"Gov.md &#8211; \u00centrevederea viceprim-ministrului Cristina Lesnic cu Ambasadorul SUA \u00een Republica Moldova Dereck J. Hogan"},"content":{"rendered":"<p>La 26 decembrie curent, viceprim-ministrul pentru Reintegrare Cristina Lesnic s-a \u00eent\u00e2lnit cu Ambasadorul Statelor Unite ale Americii la Chi\u015fin\u0103u, E.S. Dereck J. Hogan.<\/p>\n<p>Cristina Lesnic a f\u0103cut o succint\u0103 trecere \u00een revist\u0103 a evolu\u021biilor \u0219i a realiz\u0103rilor marcate \u00een anul curent pe dimensiunea reglement\u0103rii transnistrene, cu enun\u021barea aspectelor prioritare ce urmeaz\u0103 a fi abordate \u00een procesul de negocieri pe parcursul anului viitor.<\/p>\n<p>Totodat\u0103, vicepremierul a mul\u021bumit oficialului american pentru sus\u021binerea acordat\u0103 de c\u0103tre SUA \u00een procesul de definitivare a textului Declara\u021biei cu privire la evolu\u021biile procesului de reglementare a conflictului transnistrean \u00een formatul\u00a0\u201e5+2\u201d, aprobat\u0103 pe 07 decembrie 2018, la Milano, la reuniunea Consiliului de Mini\u0219tri al OSCE.<\/p>\n<p>\u00cen cadrul discu\u021biilor purtate Cristina Lesnic s-a referit \u0219i la recenta platform\u0103 de dialog stabilit\u0103 \u00eentre Chi\u0219in\u0103u, Kiev \u0219i Tbilisi, fiind formalizat\u0103 printr-un Memorandum de \u00een\u021belegere \u0219i de cooperare reciproc\u0103, prin care s-a creat cadrul de cooperare necesar \u00een vederea realiz\u0103rii schimbului de bune practici \u00een promovarea politicilor de reintegrare de c\u0103tre autorit\u0103\u021bile constitu\u021bionale \u0219i a ini\u021bierii cooper\u0103rii regionale aprofundate pe aspecte de interes comun.<\/p>\n<p>\u00cen finalul discu\u021biilor E.S. Dereck J. Hogan a mul\u021bumit vicepremierului Cristina Lesnic pentru dialogul constructiv \u0219i informa\u021biile comunicate, eviden\u021biind disponibilitatea SUA de a sprijini procesul de reglementare prin oferte de asisten\u021b\u0103 tehnic\u0103 \u0219i proiecte menite s\u0103 promoveze m\u0103surile de consolidare a \u00eencrederii \u00eentre locuitorii de pe ambele maluri ale Nistrului.<\/p>\n<p>Sursa:\u00a0<a href=\"https:\/\/gov.md\/ro\/content\/intrevederea-viceprim-ministrului-cristina-lesnic-cu-ambasadorul-sua-republica-moldova-0\">https:\/\/gov.md\/r<\/a><\/p>\n","protected":false},"excerpt":{"rendered":"<p>La 26 decembrie curent, viceprim-ministrul pentru Reintegrare Cristina Lesnic s-a \u00eent\u00e2lnit cu Ambasadorul Statelor Unite ale Americii la Chi\u015fin\u0103u, E.S. Dereck J. Hogan. Cristina Lesnic a f\u0103cut o succint\u0103 trecere \u00een revist\u0103 a evolu\u021biilor \u0219i a realiz\u0103rilor marcate \u00een anul curent pe dimensiunea reglement\u0103rii transnistrene, cu enun\u021barea aspectelor prioritare ce urmeaz\u0103 a fi abordate \u00een&#8230;<\/p>\n","protected":false},"author":2,"featured_media":0,"comment_status":"closed","ping_status":"open","sticky":false,"template":"","format":"standard","meta":[],"categories":[1],"tags":[],"_links":{"self":[{"href":"https:\/\/centers.ulbsibiu.ro\/ccsprise\/lact\/wp-json\/wp\/v2\/posts\/5758"}],"collection":[{"href":"https:\/\/centers.ulbsibiu.ro\/ccsprise\/lact\/wp-json\/wp\/v2\/posts"}],"about":[{"href":"https:\/\/centers.ulbsibiu.ro\/ccsprise\/lact\/wp-json\/wp\/v2\/types\/post"}],"author":[{"embeddable":true,"href":"https:\/\/centers.ulbsibiu.ro\/ccsprise\/lact\/wp-json\/wp\/v2\/users\/2"}],"replies":[{"embeddable":true,"href":"https:\/\/centers.ulbsibiu.ro\/ccsprise\/lact\/wp-json\/wp\/v2\/comments?post=5758"}],"version-history":[{"count":1,"href":"https:\/\/centers.ulbsibiu.ro\/ccsprise\/lact\/wp-json\/wp\/v2\/posts\/5758\/revisions"}],"predecessor-version":[{"id":5759,"href":"https:\/\/centers.ulbsibiu.ro\/ccsprise\/lact\/wp-json\/wp\/v2\/posts\/5758\/revisions\/5759"}],"wp:attachment":[{"href":"https:\/\/centers.ulbsibiu.ro\/ccsprise\/lact\/wp-json\/wp\/v2\/media?parent=5758"}],"wp:term":[{"taxonomy":"category","embeddable":true,"href":"https:\/\/centers.ulbsibiu.ro\/ccsprise\/lact\/wp-json\/wp\/v2\/categories?post=5758"},{"taxonomy":"post_tag","embeddable":true,"href":"https:\/\/centers.ulbsibiu.ro\/ccsprise\/lact\/wp-json\/wp\/v2\/tags?post=5758"}],"curies":[{"name":"wp","href":"https:\/\/api.w.org\/{rel}","templated":true}]}}