{"id":5751,"date":"2018-12-26T17:43:24","date_gmt":"2018-12-26T15:43:24","guid":{"rendered":"https:\/\/centers.ulbsibiu.ro\/ccsprise\/lact\/?p=5751"},"modified":"2018-12-26T17:43:24","modified_gmt":"2018-12-26T15:43:24","slug":"deschide-md-bascanul-irina-vlah-vrea-federalizarea-r-moldova-cu-tiraspolul-si-comratul-subiecti-egali","status":"publish","type":"post","link":"https:\/\/centers.ulbsibiu.ro\/ccsprise\/lact\/deschide-md-bascanul-irina-vlah-vrea-federalizarea-r-moldova-cu-tiraspolul-si-comratul-subiecti-egali\/","title":{"rendered":"Deschide.md &#8211; Ba\u0219canul Irina Vlah vrea federalizarea R. Moldova, cu Tiraspolul \u0219i Comratul subiec\u021bi egali"},"content":{"rendered":"<p>Ba\u0219canul G\u0103g\u0103uziei, Irina Vlah, consider\u0103 c\u0103 regiunea g\u0103g\u0103uz\u0103 trebuie s\u0103 ob\u021bin\u0103 un statut egal cu Transnistria \u00een cazul re\u00eentregirii statului Republica Moldova \u00eentr-o federa\u021bie. Totodat\u0103, Transnistria va lua o decizie de a se reintegra cu Republica Moldova, doar dac\u0103 G\u0103g\u0103uzia va fi o istorie de succes.<br \/>\nBa\u0219canul G\u0103g\u0103uziei, Irina Vlah, a participat pe 25 decembrie la o conferin\u021b\u0103 \u00een direct \u00een care a f\u0103cut totalurile anului 2018 \u0219i a r\u0103spuns la \u00eentreb\u0103rile jurnali\u0219tilor \u0219i a internau\u021bilor. Una dintre \u00eentreb\u0103ri s-a referit la statutul G\u0103g\u0103uziei \u00een cazul \u00een care Transnistria \u201ese va uni\u201d cu Republica Moldova. Ba\u0219canul a rectificat c\u0103 nu este vorba despre o \u201eunire\u201d, ci despre \u00eentoarcerea regiunii transnistrene \u00een \u201efamilia moldoveneasc\u0103\u201d. Aceast\u0103 \u201e\u00eentoarcere\u201d a regiunii transnistrene, crede Vlah, va fi posibil\u0103 doar \u00een cazul \u00een care regiunea g\u0103g\u0103uz\u0103 va fi o istorie de succes. Totodat\u0103, statutul G\u0103g\u0103uziei va fi echivalent cu cel al Transnistriei \u00eentr-o republic\u0103 federativ\u0103.<br \/>\n\u201eNu este vorba despre unirea Republicii Moldova cu Transnistria. Transnistria trebuie s\u0103 se \u00eentoarc\u0103 \u00een familia moldoveneasc\u0103. Noi vorbim despre o federa\u021bie. Vom lucra asupra faptului ca s\u0103 avem acela\u0219i statut cu Transnistria. Avem foarte multe \u00eentreb\u0103ri fa\u021b\u0103 de Guvern, foarte multe \u00eentreb\u0103ri fa\u021b\u0103 de Parlament. Transnistria niciodat\u0103 nu se va \u00eentoarce \u00een familia noastr\u0103 moldoveneasc\u0103 p\u00e2n\u0103 nu va avea exemplul unei istorii de succes. Dac\u0103 locuitorii din Transnistria vor vedea c\u0103 G\u0103g\u0103uzia se dezvolt\u0103, ei vor dori s\u0103 tr\u0103iasc\u0103 \u00een Moldova. Doar a\u0219a Transnistria va decide s\u0103 se \u00eentoarc\u0103\u201d, a spus Irina Vlah.<\/p>\n<p>Textul complet:\u00a0<a href=\"https:\/\/deschide.md\/ro\/stiri\/politic\/41851\/Ba\u0219canul-Irina-Vlah-vrea-federalizarea-R-Moldova-cu-Tiraspolul-\u0219i-Comratul-subiec\u021bi-egali.htm\">https:\/\/deschide.md\/<\/a><\/p>\n","protected":false},"excerpt":{"rendered":"<p>Ba\u0219canul G\u0103g\u0103uziei, Irina Vlah, consider\u0103 c\u0103 regiunea g\u0103g\u0103uz\u0103 trebuie s\u0103 ob\u021bin\u0103 un statut egal cu Transnistria \u00een cazul re\u00eentregirii statului Republica Moldova \u00eentr-o federa\u021bie. Totodat\u0103, Transnistria va lua o decizie de a se reintegra cu Republica Moldova, doar dac\u0103 G\u0103g\u0103uzia va fi o istorie de succes. Ba\u0219canul G\u0103g\u0103uziei, Irina Vlah, a participat pe 25 decembrie&#8230;<\/p>\n","protected":false},"author":2,"featured_media":0,"comment_status":"closed","ping_status":"open","sticky":false,"template":"","format":"standard","meta":[],"categories":[1],"tags":[],"_links":{"self":[{"href":"https:\/\/centers.ulbsibiu.ro\/ccsprise\/lact\/wp-json\/wp\/v2\/posts\/5751"}],"collection":[{"href":"https:\/\/centers.ulbsibiu.ro\/ccsprise\/lact\/wp-json\/wp\/v2\/posts"}],"about":[{"href":"https:\/\/centers.ulbsibiu.ro\/ccsprise\/lact\/wp-json\/wp\/v2\/types\/post"}],"author":[{"embeddable":true,"href":"https:\/\/centers.ulbsibiu.ro\/ccsprise\/lact\/wp-json\/wp\/v2\/users\/2"}],"replies":[{"embeddable":true,"href":"https:\/\/centers.ulbsibiu.ro\/ccsprise\/lact\/wp-json\/wp\/v2\/comments?post=5751"}],"version-history":[{"count":1,"href":"https:\/\/centers.ulbsibiu.ro\/ccsprise\/lact\/wp-json\/wp\/v2\/posts\/5751\/revisions"}],"predecessor-version":[{"id":5752,"href":"https:\/\/centers.ulbsibiu.ro\/ccsprise\/lact\/wp-json\/wp\/v2\/posts\/5751\/revisions\/5752"}],"wp:attachment":[{"href":"https:\/\/centers.ulbsibiu.ro\/ccsprise\/lact\/wp-json\/wp\/v2\/media?parent=5751"}],"wp:term":[{"taxonomy":"category","embeddable":true,"href":"https:\/\/centers.ulbsibiu.ro\/ccsprise\/lact\/wp-json\/wp\/v2\/categories?post=5751"},{"taxonomy":"post_tag","embeddable":true,"href":"https:\/\/centers.ulbsibiu.ro\/ccsprise\/lact\/wp-json\/wp\/v2\/tags?post=5751"}],"curies":[{"name":"wp","href":"https:\/\/api.w.org\/{rel}","templated":true}]}}