{"id":5749,"date":"2018-12-26T17:40:48","date_gmt":"2018-12-26T15:40:48","guid":{"rendered":"https:\/\/centers.ulbsibiu.ro\/ccsprise\/lact\/?p=5749"},"modified":"2018-12-26T17:40:48","modified_gmt":"2018-12-26T15:40:48","slug":"publika-md-rezultatele-negocierilor-cristina-lesnic-a-facut-publice-realizarile-biroului-pentru-reintegrare","status":"publish","type":"post","link":"https:\/\/centers.ulbsibiu.ro\/ccsprise\/lact\/publika-md-rezultatele-negocierilor-cristina-lesnic-a-facut-publice-realizarile-biroului-pentru-reintegrare\/","title":{"rendered":"Publika.md &#8211; REZULTATELE NEGOCIERILOR. Cristina Lesnic a f\u0103cut publice realiz\u0103rile Biroului pentru Reintegrare"},"content":{"rendered":"<p><strong>Num\u0103rul \u015foferilor din st\u00e2nga Nistrului care au ob\u0163inut numere de \u00eenmatriculare neutre a ajuns la cifra de peste dou\u0103 mii 200. Alte trei mii de persoane stau la coad\u0103 pentru a le ob\u0163ine.<\/strong> O premier\u0103 pentru procesul de reglementare transnistrean\u0103. Datele au fost prezentate de viceprim-ministrul pentru Reintegrare, Cristina Lesnic, care a f\u0103cut bilan\u0163ul activit\u0103\u0163ii Biroului pentru anul curent.<\/p>\n<p><strong>Cristina Lesnic a informat c\u0103 din cifra total\u0103 a celor care au solicitat numere neutre de la ghi\u015feele deschise \u00een septembrie, la Tiraspol \u015fi R\u00e2bni\u0163a, aproximativ 90 la sut\u0103 au depus cereri pentru a-\u015fi schimba \u015fi permisul de conducere. <\/strong><\/p>\n<p>&#8220;Doar din data de 1 septembrie curent la Agen\u0163ia Servicii Publice pentru preschimbarea permiselor de conducere transnistrene \u00een cele moldovene\u015fti s-au adresat 1739 de persoane. Este foarte important s\u0103 men\u021bionez c\u0103, cu un permis transnistrean nu po\u0163i conduce \u00een afara \u0163\u0103rii&#8221;, a declarat\u00a0Cristina Lesnic,\u00a0viceprim-ministru pentru Reintegrare.<\/p>\n<p><strong>Tot \u00een 2018, a fost solu\u0163ionat\u0103 \u015fi problema \u015fcolilor cu predare \u00een limba rom\u00e2n\u0103 din st\u00e2nga Nistrului.<\/strong> Astfel, acum at\u00e2t elevii c\u00e2t \u015fi profesorii din cele opt institu\u0163ii de \u00eenv\u0103\u0163\u0103m\u00e2nt au acces liber la circula\u0163ie.<\/p>\n<p>&#8220;Toate carnetele \u015fi legitima\u021biile au fost perfectate de Agen\u0163ia Servicii Publice. 1436 de carnete de elev sunt deja perfectate \u015fi cele 234 de legitima\u021bii de profesori sunt deja eliberate. \u00cen baza acestor documente nu vor fi verifica\u0163i \u00een a\u015fa numitele posturi profesorii \u015fi elevii&#8221;, a zis\u00a0Cristina Lesnic,\u00a0viceprim-ministru pentru Reintegrare.<\/p>\n<p><strong> Guvernul a mai f\u0103cut un pas important. De aceast\u0103 dat\u0103, \u00eei vizeaz\u0103 pe fermierii din raionul Dub\u0103sari, care nu aveau acces la propriile terenuri agricole situate dup\u0103 traseul R\u00eebni\u0163a -Tiraspol.<\/strong> \u00cen prezent, a fost restabilit accesul pentru 88% din suprafa\u0163a total\u0103 a terenurilor \u015fi au fost eliberate 125 de certificate care le garanteaz\u0103 oamenilor dreptul de a utiliza aproximativ \u015fase mii de hectare de p\u0103m\u00e2nt.<\/p>\n<p>&#8220;Acest procentaj de 12% care nu reprezint\u0103 formula integral\u0103 se refer\u0103 la acele persoane care se afl\u0103 \u00een proces de succesiune legal\u0103 pentru a ob\u0163ine mo\u015ftenirea, se refer\u0103 la persoanele care ast\u0103zi se afl\u0103 \u00een afara \u0163\u0103rii \u015fi prim\u0103riile locale&#8221;, a declarat\u00a0Cristina Lesnic,\u00a0viceprim-ministru pentru Reintegrare.<\/p>\n<p><strong>Viceprim-ministrul pentru Reintegrare a mai ad\u0103ugat c\u0103, pe viitor, autorit\u0103\u0163ile \u00ee\u015fi propun s\u0103 extind\u0103 libera circula\u0163ie pe podul de peste r\u00e2ul Nistru din preajma localit\u0103\u0163ii Gura B\u00eecului \u015fi pentru ma\u015finile de mare tonaj. \u00ce<\/strong>n prezent, circula\u0163ia este permis\u0103 pentru vehiculele c o greutate mai mic\u0103 de zece tone.<\/p>\n<p>&#8220;Noi au f\u0103cut un studiu de fezablitate care ne-a permis s\u0103 constat\u0103m c\u0103 acest pod permite trecerea p\u00e2n\u0103 la 25 de tone. R\u0103m\u00e2ne s\u0103 verific\u0103m suplimentar capacitatea podului de a rezista la 40 de tone. \u00cen momentul \u00een care vom avea aceast\u0103 expertiz\u0103 final\u0103 vom purcede la o nou\u0103 etap\u0103 de renovare a acestui pod&#8221;, a men\u021bionat Cristina Lesnic,\u00a0viceprim-ministru pentru Reintegrare.<\/p>\n<p><strong>O prioritate pentru anul 2019 a Biroului de Reintegrare r\u0103m\u00e2ne a fi asigurarea interac\u021biunii sistemelor de telecomunica\u021bii ale celor dou\u0103 maluri ale Nistrului.<\/strong><\/p>\n<p>Cite\u0219te mai mult: <a href=\"https:\/\/www.publika.md\/rezultatele-negocierilor-cristina-lesnic-a-facut-publice-realizarile-biroului-pentru-reintegrare_3029551.html#ixzz5anygvihQ\">https:\/\/www.publika.md\/rezultatele-negocierilor-cristina-lesnic-a-facut-publice-realizarile-biroului-pentru-reintegrare_3029551.html#ixzz5anygvihQ<\/a><br \/>\nFollow us: <a href=\"https:\/\/ec.tynt.com\/b\/rw?id=dWcNF856Wr5OkPrkHcnlKl&amp;u=publikatv\" target=\"_blank\" rel=\"noopener\">@publikatv on Twitter<\/a> | <a href=\"https:\/\/ec.tynt.com\/b\/rf?id=dWcNF856Wr5OkPrkHcnlKl&amp;u=publika.md\" target=\"_blank\" rel=\"noopener\">publika.md on Facebook<\/a><\/p>\n","protected":false},"excerpt":{"rendered":"<p>Num\u0103rul \u015foferilor din st\u00e2nga Nistrului care au ob\u0163inut numere de \u00eenmatriculare neutre a ajuns la cifra de peste dou\u0103 mii 200. Alte trei mii de persoane stau la coad\u0103 pentru a le ob\u0163ine. O premier\u0103 pentru procesul de reglementare transnistrean\u0103. Datele au fost prezentate de viceprim-ministrul pentru Reintegrare, Cristina Lesnic, care a f\u0103cut bilan\u0163ul activit\u0103\u0163ii&#8230;<\/p>\n","protected":false},"author":2,"featured_media":0,"comment_status":"closed","ping_status":"open","sticky":false,"template":"","format":"standard","meta":[],"categories":[1],"tags":[],"_links":{"self":[{"href":"https:\/\/centers.ulbsibiu.ro\/ccsprise\/lact\/wp-json\/wp\/v2\/posts\/5749"}],"collection":[{"href":"https:\/\/centers.ulbsibiu.ro\/ccsprise\/lact\/wp-json\/wp\/v2\/posts"}],"about":[{"href":"https:\/\/centers.ulbsibiu.ro\/ccsprise\/lact\/wp-json\/wp\/v2\/types\/post"}],"author":[{"embeddable":true,"href":"https:\/\/centers.ulbsibiu.ro\/ccsprise\/lact\/wp-json\/wp\/v2\/users\/2"}],"replies":[{"embeddable":true,"href":"https:\/\/centers.ulbsibiu.ro\/ccsprise\/lact\/wp-json\/wp\/v2\/comments?post=5749"}],"version-history":[{"count":1,"href":"https:\/\/centers.ulbsibiu.ro\/ccsprise\/lact\/wp-json\/wp\/v2\/posts\/5749\/revisions"}],"predecessor-version":[{"id":5750,"href":"https:\/\/centers.ulbsibiu.ro\/ccsprise\/lact\/wp-json\/wp\/v2\/posts\/5749\/revisions\/5750"}],"wp:attachment":[{"href":"https:\/\/centers.ulbsibiu.ro\/ccsprise\/lact\/wp-json\/wp\/v2\/media?parent=5749"}],"wp:term":[{"taxonomy":"category","embeddable":true,"href":"https:\/\/centers.ulbsibiu.ro\/ccsprise\/lact\/wp-json\/wp\/v2\/categories?post=5749"},{"taxonomy":"post_tag","embeddable":true,"href":"https:\/\/centers.ulbsibiu.ro\/ccsprise\/lact\/wp-json\/wp\/v2\/tags?post=5749"}],"curies":[{"name":"wp","href":"https:\/\/api.w.org\/{rel}","templated":true}]}}