{"id":5747,"date":"2018-12-26T17:36:27","date_gmt":"2018-12-26T15:36:27","guid":{"rendered":"https:\/\/centers.ulbsibiu.ro\/ccsprise\/lact\/?p=5747"},"modified":"2018-12-26T17:36:27","modified_gmt":"2018-12-26T15:36:27","slug":"gov-md-proiecte-implementate-cu-suportul-guvernului-in-beneficiul-locuitorilor-din-zona-de-securitate","status":"publish","type":"post","link":"https:\/\/centers.ulbsibiu.ro\/ccsprise\/lact\/gov-md-proiecte-implementate-cu-suportul-guvernului-in-beneficiul-locuitorilor-din-zona-de-securitate\/","title":{"rendered":"Gov.md &#8211; Proiecte implementate cu suportul Guvernului \u00een beneficiul locuitorilor din Zona de Securitate"},"content":{"rendered":"<p>Biroul politici de reintegrare informeaz\u0103 despre finalizarea procesului de implementare a proiectelor din cadrul Programului activit\u0103\u021bilor de reintegrare a \u021b\u0103rii aprobat de Guvern pentru anul 2018.<\/p>\n<p>Programul contribuie la realizarea obiectivului guvernamental de reintegrare a \u021b\u0103rii \u0219i la consolidarea m\u0103surilor de \u00eencredere \u00eentre cele dou\u0103 maluri ale Nistrului prin implicarea autorit\u0103\u021bilor administra\u021biei publice centrale \u0219i locale \u00een activit\u0103\u021bi orientate spre\u00a0 solu\u021bionarea problemelor stringente de dezvoltare a comunit\u0103\u021bilor locale din 9 raioane situate \u00een Zona de Securitate.<\/p>\n<p>15 milioane de lei au fost prev\u0103zu\u021bi \u00een bugetul de stat pentru implementarea a 49 de proiecte \u00eenaintate de 30 de prim\u0103rii, 4 consilii raionale \u0219i 3 autorit\u0103\u021bi ale administra\u021biei publice centrale, iar rezultatele activit\u0103\u021bilor sunt evidente \u0219i de durat\u0103.<\/p>\n<p>Astfel, printre proiectele sprijinite de Guvern \u00een 2018 se eviden\u021biaz\u0103 cele destinate dezvolt\u0103rii \u0219i moderniz\u0103rii institu\u021biilor din sistemul educa\u021bional. Astfel, de o mai \u00eenalt\u0103 calitate a educa\u021biei se vor bucura elevii din 14 licee \u0219i gimnazii, inclusiv circa 1500 de elevi ai celor 8 \u0219coli cu predare \u00een grafia latina din regiunea transnistrean\u0103.<\/p>\n<p>Condi\u021bii mai bune \u00een gr\u0103dini\u021be au fost create pentru micu\u021bii din Speia, Copanca, C\u00e2rn\u0103\u021beni, Molovata Nou\u0103, S\u0103n\u0103t\u0103uca.<\/p>\n<p>Bucuria de a studia \u00eentr-un local renovat o simt \u0219i discipolii \u0218colii de Arte din Doro\u021bcaia frecventat\u0103 de 110 copii at\u00e2t din aceast\u0103 localitate, c\u00e2t \u0219i din Co\u0219ni\u021ba, Delac\u0103u \u0219i Grigoriopol.<\/p>\n<p>T\u00e2n\u0103ra genera\u021bie din Talmaza va avea parte de un teren de joac\u0103 amenajat \u00een sat \u00een cadrul unui proiect de dezvoltare educa\u021bional\u0103, cultural\u0103 \u0219i social\u0103.<\/p>\n<p>Locuitorii \u0219i colectivele artistice locale din Dub\u0103sarii Vechi, Clim\u0103u\u021bii de Jos \u0219i Cocieri au posibilitatea s\u0103 se bucure de case de cultur\u0103 reparate \u00een cadrul Programului.<\/p>\n<p>Condi\u021bii de via\u021b\u0103 mai bune vor avea s\u0103tenii din Poiana \u0219i Salcia gra\u021bie implement\u0103rii unor proiecte de aprovizionare cu ap\u0103 \u0219i canalizare.<\/p>\n<p>21 de localit\u0103\u021bi au devenit mai sigure \u0219i mai atractive datorit\u0103 moderniz\u0103rii \u0219i extinderii sistemului de iluminat stradal, pentru care au fost utilizate aloca\u021bii ob\u021binute \u00een acest an prin Programul activit\u0103\u021bilor de reintegrare.<\/p>\n<p>Extinderea remizei postului de pompieri \u0219i salvatori din S\u0103n\u0103t\u0103uca, realizat\u0103 cu contribu\u021bia Guvernului de c\u0103tre Inspectoratul General pentru Situa\u021bii de Urgen\u021b\u0103, va contribui la cre\u0219terea siguran\u021bei locuitorilor, va asigura sporirea calit\u0103\u021bii \u0219i spectrului de servicii de urgen\u021b\u0103 acordate nu doar cet\u0103\u021benilor din aceast\u0103 localitate, dar \u0219i popula\u021biei din alte 12 sate din raioanele Flore\u0219ti \u0219i \u0218old\u0103ne\u0219ti.<\/p>\n<p>Potrivit noilor prevederi ale cadrului normativ privind implementarea eficient\u0103 \u0219i transparent\u0103 a proiectelor, autorit\u0103\u021bile care au beneficiat de aloca\u021bii prin Programul activit\u0103\u021bilor de reintegrare a \u0163\u0103rii vor publica pe paginile sale web, p\u00e2n\u0103 la data de 20 ianuarie 2019, rapoarte privind impactul social-economic al proiectelor realizate.<\/p>\n<p>Guvernul va continua s\u0103 sus\u021bin\u0103 financiar proiectele social<strong>&#8211;<\/strong>economice menite s\u0103 dezvolte durabil localit\u0103\u021bile din Zona de Securitate, \u00een acest sens, prin Legea bugetului de stat pentru anul 2019 fiind alocat\u0103 suma de 15 milioane de lei.<\/p>\n<p>Sursa:\u00a0<a href=\"https:\/\/gov.md\/ro\/content\/proiecte-implementate-cu-suportul-guvernului-beneficiul-locuitorilor-din-zona-de-securitate\">https:\/\/gov.md\/<\/a><\/p>\n","protected":false},"excerpt":{"rendered":"<p>Biroul politici de reintegrare informeaz\u0103 despre finalizarea procesului de implementare a proiectelor din cadrul Programului activit\u0103\u021bilor de reintegrare a \u021b\u0103rii aprobat de Guvern pentru anul 2018. Programul contribuie la realizarea obiectivului guvernamental de reintegrare a \u021b\u0103rii \u0219i la consolidarea m\u0103surilor de \u00eencredere \u00eentre cele dou\u0103 maluri ale Nistrului prin implicarea autorit\u0103\u021bilor administra\u021biei publice centrale \u0219i&#8230;<\/p>\n","protected":false},"author":2,"featured_media":0,"comment_status":"closed","ping_status":"open","sticky":false,"template":"","format":"standard","meta":[],"categories":[1],"tags":[],"_links":{"self":[{"href":"https:\/\/centers.ulbsibiu.ro\/ccsprise\/lact\/wp-json\/wp\/v2\/posts\/5747"}],"collection":[{"href":"https:\/\/centers.ulbsibiu.ro\/ccsprise\/lact\/wp-json\/wp\/v2\/posts"}],"about":[{"href":"https:\/\/centers.ulbsibiu.ro\/ccsprise\/lact\/wp-json\/wp\/v2\/types\/post"}],"author":[{"embeddable":true,"href":"https:\/\/centers.ulbsibiu.ro\/ccsprise\/lact\/wp-json\/wp\/v2\/users\/2"}],"replies":[{"embeddable":true,"href":"https:\/\/centers.ulbsibiu.ro\/ccsprise\/lact\/wp-json\/wp\/v2\/comments?post=5747"}],"version-history":[{"count":1,"href":"https:\/\/centers.ulbsibiu.ro\/ccsprise\/lact\/wp-json\/wp\/v2\/posts\/5747\/revisions"}],"predecessor-version":[{"id":5748,"href":"https:\/\/centers.ulbsibiu.ro\/ccsprise\/lact\/wp-json\/wp\/v2\/posts\/5747\/revisions\/5748"}],"wp:attachment":[{"href":"https:\/\/centers.ulbsibiu.ro\/ccsprise\/lact\/wp-json\/wp\/v2\/media?parent=5747"}],"wp:term":[{"taxonomy":"category","embeddable":true,"href":"https:\/\/centers.ulbsibiu.ro\/ccsprise\/lact\/wp-json\/wp\/v2\/categories?post=5747"},{"taxonomy":"post_tag","embeddable":true,"href":"https:\/\/centers.ulbsibiu.ro\/ccsprise\/lact\/wp-json\/wp\/v2\/tags?post=5747"}],"curies":[{"name":"wp","href":"https:\/\/api.w.org\/{rel}","templated":true}]}}