{"id":5743,"date":"2018-12-23T12:10:48","date_gmt":"2018-12-23T10:10:48","guid":{"rendered":"https:\/\/centers.ulbsibiu.ro\/ccsprise\/lact\/?p=5743"},"modified":"2018-12-23T12:10:48","modified_gmt":"2018-12-23T10:10:48","slug":"zdg-md-fostul-lider-de-la-tiraspol-evgheni-sevciuk-a-fost-condamnat-la-16-ani-de-inchisoare","status":"publish","type":"post","link":"https:\/\/centers.ulbsibiu.ro\/ccsprise\/lact\/zdg-md-fostul-lider-de-la-tiraspol-evgheni-sevciuk-a-fost-condamnat-la-16-ani-de-inchisoare\/","title":{"rendered":"Zdg.md &#8211; Fostul lider de la Tiraspol, Evgheni \u0218evciuk, a fost condamnat la 16 ani de \u00eenchisoare"},"content":{"rendered":"<p><span style=\"display: inline !important; float: none; background-color: transparent; color: #303030; font-family: 'Open Sans','Lato',Helvetica,Arial,Sans-Serif; font-size: 16px; font-size-adjust: none; font-stretch: 100%; font-style: normal; font-variant: normal; font-weight: bold; letter-spacing: normal; line-height: 28px; orphans: 2; text-align: left; text-decoration: none; text-indent: 0px; text-transform: none; -webkit-text-stroke-width: 0px; white-space: normal; word-spacing: 0px;\">Fostul lider al administra\u021biei separatiste de la Tiraspol, Evgheni \u0218evciuk, a fost condamnat la 16 ani de \u00eenchisoare, pentru luare de mit\u0103 \u00een propor\u021bii deosebit de mari \u0219i dep\u0103\u0219irea atribu\u021biilor de serviciu, <\/span><a href=\"https:\/\/tv.pgtrk.ru\/ru\/news\/20181221\/77870\">informeaz\u0103 una dintre televiziunile din st\u00e2nga Nistrului<\/a><span style=\"display: inline !important; float: none; background-color: transparent; color: #303030; font-family: 'Open Sans','Lato',Helvetica,Arial,Sans-Serif; font-size: 16px; font-size-adjust: none; font-stretch: 100%; font-style: normal; font-variant: normal; font-weight: bold; letter-spacing: normal; line-height: 28px; orphans: 2; text-align: left; text-decoration: none; text-indent: 0px; text-transform: none; -webkit-text-stroke-width: 0px; white-space: normal; word-spacing: 0px;\">.\u00a0<\/span><\/p>\n<div class=\"articleContent\">\n<p>O hot\u0103r\u00e2re \u00een acest sens a fost luat\u0103 de a\u0219a-zisa curtea suprem\u0103 de justi\u021bie din st\u00e2nga Nistrului. \u0218evciuk va trebui s\u0103 achite \u0219i o amend\u0103 de 600 de milioane de ruble transnistrene (aproximativ 36 milioane de dolari), bani care putea fi folosi\u021bi pentru majorarea salariilor \u0219i pensiilor cu 20%.<\/p>\n<p>Fostul lider separatist a fost privat de toate \u201epremiile de stat\u201d \u0219i i-a fost interzis\u0103 \u0219i de\u021binerea unei func\u021bii publice timp de cinci ani dup\u0103 eliberare.<\/p>\n<p>\u00cen 2017, \u00eempotriva lui Evgheni \u0218evciuk au fost intentate cinci cauze penale. El a fost g\u0103sit vinovat pentru luare de mit\u0103 \u00een propor\u021bii deosebit de mari \u0219i pentru dep\u0103\u0219irea atribu\u021biilor de serviciu.\u00a0De asemenea a fost acuzat de contraband\u0103 cu m\u0103rfuri peste frontiera de stat \u0219i c\u0103\u00a0a \u00eenc\u0103lcat\u00a0de cel pu\u021bin trei ori Constitu\u021bia.<\/p>\n<\/div>\n<p>Potrivit anchetatorilor, \u00een 2015, \u0218evciuk \u0219i fo\u0219ti membri ai a\u0219a zisului guvern au luat decizii contradictorii privind\u00a0re\u021binerea ilegal\u0103 a circa 30 % din fondurile salariale \u0219i cele de pensii.<\/p>\n<p>Instan\u021ba \u0219i-a anun\u021bat verdictul \u00een lipsa inculpatului, care s-ar afla \u00een prezent \u00een Federa\u021bia Rus\u0103.\u00a0Procurorii au cerut cel pu\u021bin 18 ani de \u00eenchisoare \u0219i amend\u0103 \u00een propor\u021bie de 60% din suma mitei oferite fostului lider.<\/p>\n<p>Sursa:\u00a0<a href=\"https:\/\/www.zdg.md\/stiri\/stiri-politice\/fostul-lider-de-la-tiraspol-evgheni-sevciuk-a-fost-condamnat-la-16-ani-de-inchisoare\">https:\/\/www.zdg.md\/<\/a><\/p>\n","protected":false},"excerpt":{"rendered":"<p>Fostul lider al administra\u021biei separatiste de la Tiraspol, Evgheni \u0218evciuk, a fost condamnat la 16 ani de \u00eenchisoare, pentru luare de mit\u0103 \u00een propor\u021bii deosebit de mari \u0219i dep\u0103\u0219irea atribu\u021biilor de serviciu, informeaz\u0103 una dintre televiziunile din st\u00e2nga Nistrului.\u00a0 O hot\u0103r\u00e2re \u00een acest sens a fost luat\u0103 de a\u0219a-zisa curtea suprem\u0103 de justi\u021bie din st\u00e2nga&#8230;<\/p>\n","protected":false},"author":2,"featured_media":0,"comment_status":"closed","ping_status":"open","sticky":false,"template":"","format":"standard","meta":[],"categories":[1],"tags":[],"_links":{"self":[{"href":"https:\/\/centers.ulbsibiu.ro\/ccsprise\/lact\/wp-json\/wp\/v2\/posts\/5743"}],"collection":[{"href":"https:\/\/centers.ulbsibiu.ro\/ccsprise\/lact\/wp-json\/wp\/v2\/posts"}],"about":[{"href":"https:\/\/centers.ulbsibiu.ro\/ccsprise\/lact\/wp-json\/wp\/v2\/types\/post"}],"author":[{"embeddable":true,"href":"https:\/\/centers.ulbsibiu.ro\/ccsprise\/lact\/wp-json\/wp\/v2\/users\/2"}],"replies":[{"embeddable":true,"href":"https:\/\/centers.ulbsibiu.ro\/ccsprise\/lact\/wp-json\/wp\/v2\/comments?post=5743"}],"version-history":[{"count":1,"href":"https:\/\/centers.ulbsibiu.ro\/ccsprise\/lact\/wp-json\/wp\/v2\/posts\/5743\/revisions"}],"predecessor-version":[{"id":5744,"href":"https:\/\/centers.ulbsibiu.ro\/ccsprise\/lact\/wp-json\/wp\/v2\/posts\/5743\/revisions\/5744"}],"wp:attachment":[{"href":"https:\/\/centers.ulbsibiu.ro\/ccsprise\/lact\/wp-json\/wp\/v2\/media?parent=5743"}],"wp:term":[{"taxonomy":"category","embeddable":true,"href":"https:\/\/centers.ulbsibiu.ro\/ccsprise\/lact\/wp-json\/wp\/v2\/categories?post=5743"},{"taxonomy":"post_tag","embeddable":true,"href":"https:\/\/centers.ulbsibiu.ro\/ccsprise\/lact\/wp-json\/wp\/v2\/tags?post=5743"}],"curies":[{"name":"wp","href":"https:\/\/api.w.org\/{rel}","templated":true}]}}