{"id":5734,"date":"2018-12-22T18:34:24","date_gmt":"2018-12-22T16:34:24","guid":{"rendered":"https:\/\/centers.ulbsibiu.ro\/ccsprise\/lact\/?p=5734"},"modified":"2018-12-22T18:34:24","modified_gmt":"2018-12-22T16:34:24","slug":"noi-md-la-moscova-va-fi-inaugurata-o-reprezentanta-a-transnistriei","status":"publish","type":"post","link":"https:\/\/centers.ulbsibiu.ro\/ccsprise\/lact\/noi-md-la-moscova-va-fi-inaugurata-o-reprezentanta-a-transnistriei\/","title":{"rendered":"Noi.md &#8211; La Moscova va fi inaugurat\u0103 o reprezentan\u0163\u0103 a Transnistriei"},"content":{"rendered":"<p>Autor: Stepanov Gheorghe<\/p>\n<p>O reprezentan\u0163\u0103 a Transnistriei va ap\u0103rea la Moscova, iar inaugurarea acesteia urmeaz\u0103 s\u0103 aib\u0103 loc \u00een luna ianuarie a anului viitor. Potrivit presei transnistrene, pre\u0219edintele Republicii Moldovene\u0219ti Nistrene nerecunoscute, Vadim Krasnoselski, a relatat despre aceasta \u00een cadrul emisiunii &#8220;Conversa\u021bie special\u0103&#8221; de la postul de televiziune nr. 1 din Transnistria, transmite Noi.md.<\/p>\n<p>Dup\u0103 cum a declarat acesta, Reprezentan\u021ba Transnistriei va func\u021biona, \u00een primul r\u00eend, pentru cet\u0103\u021benii transnistreni, mai ales \u00een scopuri de protejare a intereselor transnistrenilor \u00een Rusia. \u201eActivitatea va fi organizat\u0103 astfel, \u00eenc\u00eet fiecare cet\u0103\u021bean al Transnistriei s\u0103 poat\u0103 depune o cerere la aceast\u0103 reprezentan\u021b\u0103 \u0219i cu siguran\u021b\u0103 va beneficia de asisten\u0163\u0103 juridic\u0103 sau practic\u0103, reie\u015find, bine\u00een\u021beles, din situa\u021bia pe care o are. Plus la aceasta, \u00een calitatea mea de pre\u0219edinte, am vizite la Moscova, \u00een timpul c\u0103rora voi avea audien\u0163e pentru cet\u0103\u021beni, compatrio\u021bii mei \u2013 cet\u0103\u021beni ai Transnistriei care tr\u0103iesc \u00een Federa\u021bia Rus\u0103&#8221;, a declarat \u0219eful Republicii Moldovene\u0219ti Nistrene nerecunoscute.Reprezentarea Transnistriei se va deschide \u00een centrul Moscovei, pe Noul Arbat, l\u00eeng\u0103 faimoasa Casa a C\u0103r\u021bii. \u00cen prezent, au loc ultimele lucr\u0103ri de preg\u0103tire. Cl\u0103direa deja a fost reparat\u0103, s-a cump\u0103rat mobilier nou, s\u00eent formate statele de personal. Consult\u0103rile pentru cet\u0103\u021benii transnistreni vor fi gratuite. Punctul privind constituirea unei reprezentan\u0163e a Transnistriei \u00een str\u0103in\u0103tate este inclus \u00een Strategia de dezvoltare a Transnistriei.<\/p>\n<p>Cite\u0219te mai mult: <a href=\"https:\/\/noi.md\/md\/transnistria\/la-moscova-va-fi-inaugurata-o-reprezentanta-a-transnistriei?fbclid=IwAR2tvOgxoYUzhT40e1i43j7luUhK2KEbpMQEJtWYxZFnQa09lnkfl3sgQD8\">https:\/\/noi.md\/md\/transnistria\/la-moscova-va-fi-inaugurata-o-reprezentanta-a-transnistriei?fbclid=IwAR2tvOgxoYUzhT40e1i43j7luUhK2KEbpMQEJtWYxZFnQa09lnkfl3sgQD8<\/a><br \/>\nFacebook: <a href=\"https:\/\/www.facebook.com\/NOI.md\/\">NOI.md<\/a> | Odnoklassniki: <a href=\"https:\/\/www.ok.ru\/noi.moldova\">Noi.Moldova<\/a><\/p>\n","protected":false},"excerpt":{"rendered":"<p>Autor: Stepanov Gheorghe O reprezentan\u0163\u0103 a Transnistriei va ap\u0103rea la Moscova, iar inaugurarea acesteia urmeaz\u0103 s\u0103 aib\u0103 loc \u00een luna ianuarie a anului viitor. Potrivit presei transnistrene, pre\u0219edintele Republicii Moldovene\u0219ti Nistrene nerecunoscute, Vadim Krasnoselski, a relatat despre aceasta \u00een cadrul emisiunii &#8220;Conversa\u021bie special\u0103&#8221; de la postul de televiziune nr. 1 din Transnistria, transmite Noi.md. Dup\u0103&#8230;<\/p>\n","protected":false},"author":2,"featured_media":0,"comment_status":"closed","ping_status":"open","sticky":false,"template":"","format":"standard","meta":[],"categories":[1],"tags":[],"_links":{"self":[{"href":"https:\/\/centers.ulbsibiu.ro\/ccsprise\/lact\/wp-json\/wp\/v2\/posts\/5734"}],"collection":[{"href":"https:\/\/centers.ulbsibiu.ro\/ccsprise\/lact\/wp-json\/wp\/v2\/posts"}],"about":[{"href":"https:\/\/centers.ulbsibiu.ro\/ccsprise\/lact\/wp-json\/wp\/v2\/types\/post"}],"author":[{"embeddable":true,"href":"https:\/\/centers.ulbsibiu.ro\/ccsprise\/lact\/wp-json\/wp\/v2\/users\/2"}],"replies":[{"embeddable":true,"href":"https:\/\/centers.ulbsibiu.ro\/ccsprise\/lact\/wp-json\/wp\/v2\/comments?post=5734"}],"version-history":[{"count":1,"href":"https:\/\/centers.ulbsibiu.ro\/ccsprise\/lact\/wp-json\/wp\/v2\/posts\/5734\/revisions"}],"predecessor-version":[{"id":5735,"href":"https:\/\/centers.ulbsibiu.ro\/ccsprise\/lact\/wp-json\/wp\/v2\/posts\/5734\/revisions\/5735"}],"wp:attachment":[{"href":"https:\/\/centers.ulbsibiu.ro\/ccsprise\/lact\/wp-json\/wp\/v2\/media?parent=5734"}],"wp:term":[{"taxonomy":"category","embeddable":true,"href":"https:\/\/centers.ulbsibiu.ro\/ccsprise\/lact\/wp-json\/wp\/v2\/categories?post=5734"},{"taxonomy":"post_tag","embeddable":true,"href":"https:\/\/centers.ulbsibiu.ro\/ccsprise\/lact\/wp-json\/wp\/v2\/tags?post=5734"}],"curies":[{"name":"wp","href":"https:\/\/api.w.org\/{rel}","templated":true}]}}