{"id":5732,"date":"2018-12-21T17:31:12","date_gmt":"2018-12-21T15:31:12","guid":{"rendered":"https:\/\/centers.ulbsibiu.ro\/ccsprise\/lact\/?p=5732"},"modified":"2018-12-21T17:31:12","modified_gmt":"2018-12-21T15:31:12","slug":"gov-md-discutii-aprinse-dar-fara-decizii-la-sedinta-comisiei-unificate-de-control","status":"publish","type":"post","link":"https:\/\/centers.ulbsibiu.ro\/ccsprise\/lact\/gov-md-discutii-aprinse-dar-fara-decizii-la-sedinta-comisiei-unificate-de-control\/","title":{"rendered":"Gov.md &#8211; Discu\u021bii aprinse, dar f\u0103r\u0103 decizii la \u0219edin\u021ba Comisiei Unificate de Control"},"content":{"rendered":"<p>Ini\u021biativele delega\u021biei Republicii Moldova Comisia Unificat\u0103 de Control (CUC) de a determina p\u0103r\u021bile s\u0103 implementeze angajamentul asumat \u00een anul 2017 ce prevede adoptarea unui mecanism de monitorizare a Zonei de Securitate conform rigorilor actuale, au fost obstruc\u021bionate de c\u0103tre membrii delega\u021biei transnistrene \u0219i la \u0219edin\u021ba CUC din 20 decembrie curent care s-a desf\u0103\u0219urat la Bender.<\/p>\n<p>Procedura utilizat\u0103 de c\u0103tre ace\u0219tia a constat \u00een contrapunerea unui demers prin care au solicitat revizuirea statutului penitenciarelor din or. Bender subordonate autorit\u0103\u021bilor constitu\u021bionale, solicit\u00e2nd str\u0103mutarea acestora din considerente medicale.<\/p>\n<p>Delega\u021bia noastr\u0103, \u00een replic\u0103, a aten\u021bionat asupra necesit\u0103\u021bii de a aborda obiectiv situa\u021bia ce vizeaz\u0103 penitenciarele \u0219i localitatea Bender \u00een ansamblu. Problemele grave legate de func\u021bionarea acestora sunt cauzate de blocajul organizat de partea transnistrean\u0103 prin deconectarea nejustificat\u0103 \u00eenc\u0103 \u00een anul 2003 a tuturor componentelor vitale (energie electric\u0103, ap\u0103, energie termic\u0103, canalizare).<\/p>\n<p>De asemenea, \u00een cadrul Comisiei a fost adus \u00een discu\u021bie subiectul prezen\u021bei abuzive a unit\u0103\u021bilor militare transnistrene \u00een ora\u0219ul Bender (cu regim sporit de securitate), precum \u0219i a altor structuri \u00een Zona de Securitate, fiind \u00een special evocat cazul \u201ecomenduirilor gr\u0103nicere\u0219ti\u201d, constituite sub form\u0103 de unit\u0103\u021bi militare.<\/p>\n<p>Dat fiind principiul consensual aplicat la plasarea subiectelor \u00een ordinea de zi, s-a purces la examinarea aspectelor propuse ini\u021bial de c\u0103tre delega\u021bia Federa\u021biei Ruse, fiind incluse doar cele am\u00e2nate la \u0219edin\u021bele precedente.<\/p>\n<p>Astfel, p\u0103r\u021bile au audiat raportul Comandamentului Militar \u00centrunit pentru perioada 12 \u2013 18 decembrie 2018 \u0219i l-au aprobat \u00een calitate de \u0219ef al Statului Major \u00centrunit al For\u021belor de Men\u021binere a P\u0103cii pe colonelul Serghei Safronov, eliber\u00e2ndu-l din aceia\u0219i func\u021bie pe colonelul Vitalii Morozov, \u00een leg\u0103tur\u0103 cu \u00eencheierea deplas\u0103rii de serviciu.<\/p>\n<p>Nu s-a ajuns la un numitor comun nici pe problema elimin\u0103rii postului transnistrean \u201egr\u0103niceresc\u201d \u00eentre localit\u0103\u021bile Cremenciug \u0219i Slobozia. Partea transnistrean\u0103 pretinde c\u0103 a \u00eendeplinit angajamentele de retragere a postului sta\u021bionar, oper\u00e2nd \u00een continuare cu un post mobil. Printr-o inspectare efectuat\u0103 de observatorii militari s-a stabilit c\u0103 construc\u021biile nu au fost evacuate integral. Delega\u021bia moldoveneasc\u0103 insist\u0103 pe eliminarea oric\u0103rui post \u00een orice format (sta\u021bionar sau mobil) instalat ilegal \u00een Zona de Securitate. \u00cen consecin\u021b\u0103, decizia pe subiect a fost am\u00e2nat\u0103, \u00eens\u0103 acesta va fi men\u021binut \u00een aten\u021bie p\u00e2n\u0103 la executarea deplin\u0103 a obliga\u021biilor asumate.<\/p>\n<p>La 27 decembrie CUC se va reuni \u00een ultima \u0219edin\u021b\u0103 din acest an.<\/p>\n<p>Delega\u021bia Republicii Moldova \u00een Comisia Unificat\u0103 de Control<\/p>\n<p>Sursa:\u00a0<a href=\"https:\/\/gov.md\/ro\/content\/discutii-aprinse-dar-fara-decizii-la-sedinta-comisiei-unificate-de-control\">https:\/\/gov.md\/<\/a><\/p>\n<p>&nbsp;<\/p>\n<p>&nbsp;<\/p>\n","protected":false},"excerpt":{"rendered":"<p>Ini\u021biativele delega\u021biei Republicii Moldova Comisia Unificat\u0103 de Control (CUC) de a determina p\u0103r\u021bile s\u0103 implementeze angajamentul asumat \u00een anul 2017 ce prevede adoptarea unui mecanism de monitorizare a Zonei de Securitate conform rigorilor actuale, au fost obstruc\u021bionate de c\u0103tre membrii delega\u021biei transnistrene \u0219i la \u0219edin\u021ba CUC din 20 decembrie curent care s-a desf\u0103\u0219urat la Bender&#8230;.<\/p>\n","protected":false},"author":2,"featured_media":0,"comment_status":"closed","ping_status":"open","sticky":false,"template":"","format":"standard","meta":[],"categories":[1],"tags":[],"_links":{"self":[{"href":"https:\/\/centers.ulbsibiu.ro\/ccsprise\/lact\/wp-json\/wp\/v2\/posts\/5732"}],"collection":[{"href":"https:\/\/centers.ulbsibiu.ro\/ccsprise\/lact\/wp-json\/wp\/v2\/posts"}],"about":[{"href":"https:\/\/centers.ulbsibiu.ro\/ccsprise\/lact\/wp-json\/wp\/v2\/types\/post"}],"author":[{"embeddable":true,"href":"https:\/\/centers.ulbsibiu.ro\/ccsprise\/lact\/wp-json\/wp\/v2\/users\/2"}],"replies":[{"embeddable":true,"href":"https:\/\/centers.ulbsibiu.ro\/ccsprise\/lact\/wp-json\/wp\/v2\/comments?post=5732"}],"version-history":[{"count":1,"href":"https:\/\/centers.ulbsibiu.ro\/ccsprise\/lact\/wp-json\/wp\/v2\/posts\/5732\/revisions"}],"predecessor-version":[{"id":5733,"href":"https:\/\/centers.ulbsibiu.ro\/ccsprise\/lact\/wp-json\/wp\/v2\/posts\/5732\/revisions\/5733"}],"wp:attachment":[{"href":"https:\/\/centers.ulbsibiu.ro\/ccsprise\/lact\/wp-json\/wp\/v2\/media?parent=5732"}],"wp:term":[{"taxonomy":"category","embeddable":true,"href":"https:\/\/centers.ulbsibiu.ro\/ccsprise\/lact\/wp-json\/wp\/v2\/categories?post=5732"},{"taxonomy":"post_tag","embeddable":true,"href":"https:\/\/centers.ulbsibiu.ro\/ccsprise\/lact\/wp-json\/wp\/v2\/tags?post=5732"}],"curies":[{"name":"wp","href":"https:\/\/api.w.org\/{rel}","templated":true}]}}