{"id":5729,"date":"2018-12-21T17:19:20","date_gmt":"2018-12-21T15:19:20","guid":{"rendered":"https:\/\/centers.ulbsibiu.ro\/ccsprise\/lact\/?p=5729"},"modified":"2018-12-21T17:19:20","modified_gmt":"2018-12-21T15:19:20","slug":"unimedia-md-o-noua-intrevedere-dodon-krasnoselski-la-sfarsitul-anului-liderul-transnistriei-indignat-de-partidul-socialistilor","status":"publish","type":"post","link":"https:\/\/centers.ulbsibiu.ro\/ccsprise\/lact\/unimedia-md-o-noua-intrevedere-dodon-krasnoselski-la-sfarsitul-anului-liderul-transnistriei-indignat-de-partidul-socialistilor\/","title":{"rendered":"Unimedia.md &#8211; O nou\u0103 \u00eentrevedere Dodon- Krasnoselski, la sf\u00e2r\u0219itul anului. Liderul Transnistriei indignat de Partidul Sociali\u0219tilor"},"content":{"rendered":"<p><span style=\"display: inline !important; float: none; background-color: transparent; color: #000000; font-family: 'Roboto',sans-serif; font-size: 16.8px; font-style: normal; font-variant: normal; font-weight: 600; letter-spacing: normal; orphans: 2; text-align: left; text-decoration: none; text-indent: 0px; text-transform: none; -webkit-text-stroke-width: 0px; white-space: normal; word-spacing: 0px;\">La sf\u00e2r\u0219itul anului 2018 pre\u015fedintele Igor Dodon va avea o \u00eentrevedere cu Vadim Krasnoselski. Despre aceasta a anun\u021bat liderul Transnistriei, \u00eens\u0103 detalii data anumit\u0103 \u0219i unde va avea loc \u00eent\u00e2lnirea nu a oferit.<\/span><\/p>\n<p>\u201eVom continua contactele \u00een format &#8220;1 + 1&#8221; &#8211; \u00eent\u00e2lniri ale pre\u0219edin\u021bilor Transnistriei \u0219i Republicii Moldova. C\u00e2nd ne-am \u00eent\u00e2lnit \u00een septembrie cu Igor Dodon, i-am explicat c\u0103 \u00een decembrie \u00eent\u00e2lnirea va avea loc \u00een func\u021bie de disponibilitatea noastr\u0103. Din p\u0103cate, din partea RepubliciiMoldova, ordinea de zi este oarecum incert\u0103. Iar \u00eent\u00e2lnirea probabil o s\u0103 aib\u0103 loc s\u0103pt\u0103m\u00e2na viitoare [&#8230;] Dar, \u00een calitate de pre\u0219edinte, declar cu responsabilitate c\u0103 Transnistria nu va discuta despre reintegrare la reuniunea din decembrie\u201d, a declarat Krasnoselski, scrie <a href=\"http:\/\/newsmaker.md\/rus\/novosti\/u-nas-net-titulnoy-natsii-eto-nas-otlichaet-ot-moldovy-krasnoselskiy-rasskazal-o-n-40777\">newsmaker.md<\/a>.<\/p>\n<p>Liderul Transnistriei a mai ad\u0103ugat c\u0103 deocamdat\u0103 locul \u0219i ora nu a fost stabilit\u0103. \u00cens\u0103, cu siguran\u021b\u0103, \u00eent\u00e2lnirea va avea loc pe teritoriul Transnistriei.<\/p>\n<p>\u201eA\u0219tept\u0103m \u00eentreb\u0103ri din partea Chi\u0219in\u0103ului. Informa\u021bia deplin\u0103 privind agenda va fi f\u0103cut\u0103 public\u0103 \u00een ziua \u00eentrevederii\u201d, a declarat Krasnoselski.<\/p>\n<p>Pe agenda din cadrul \u00eentrevederii cu Igor Dodon va fi discutat subiectul restaur\u0103rii comunica\u021biilor telefonice \u00eentre cele dou\u0103 maluri ale Nistrului.<\/p>\n<p>\u201eAvem compania Interdnestrcom, o bun\u0103 calitate a comunic\u0103rii telefonice, a internetului \u0219i a televiziunii digitale. Dar din punctul de vedere al dreptului interna\u021bional, trebuie s\u0103 fim stabili, trebuie s\u0103 fim supu\u0219i acestui drept. [&#8230;] \u0218i aici pozi\u021bia Partidului Sociali\u0219tilor este surprinz\u0103toare. La sesiunea de toamn\u0103 a parlamentului moldovean, a fost solu\u021bionat\u0103 problema ob\u021binerii unei licen\u021be regionale [de c\u0103tre compania &#8220;Interdnestrcom&#8221;]. Autorul acestei ini\u021biative legislative a fost Partidul Democrat ca principalul negociator pe aceast\u0103 tem\u0103\u201d, a mai ad\u0103ugat liderul Krasnoselski.<\/p>\n<p>Potrivit proiectului, companiile transnistrene care \u00ee\u0219i desf\u0103\u0219oar\u0103 activitatea \u00een domeniul comunica\u021biilor electronice vor putea s\u0103 se \u00eenregistreze cu statut permanent \u00een Republica Moldova la Camera \u00cenregistr\u0103rii de Stat \u0219i s\u0103 primeasc\u0103 licen\u021be eliberate de c\u0103tre autorit\u0103\u021bile na\u021bionale de licen\u021biere. Ca rezultat, se deschide calea pentru ca acestea s\u0103 fie aduse \u00een domeniul legislativ al Moldovei.<\/p>\n<p>\u201e\u00cencerc\u00e2nd s\u0103 perturbe votul asupra acestei chestiuni, Partidul Socialist a p\u0103r\u0103sit sala de \u0219edin\u021be. Dar cvorumul a fost la fel, iar legea a trecut prin procedurile necesare, ceea ce d\u0103 toate motivele unei decizii finale cu privire la aceast\u0103 problem\u0103. Dar r\u0103m\u00e2ne neclar motivul pentru care Partidul Socialist a \u00eencercat s\u0103 contracareze solu\u021bionarea unei probleme care se afl\u0103 \u00een c\u00e2mpul de vedere al intereselor Transnistriei? \u0218i dac\u0103 se \u00eent\u00e2mpl\u0103 ast\u0103zi, cine va garanta c\u0103 nu se va \u00eent\u00e2mpla m\u00e2ine pe alte probleme?\u201d, a concluzionat Krasnoselski.<\/p>\n<p>Compania \u201eInterdnestrcom\u201d este cel mai mare operator de telecomunica\u021bii din Transnistria este, creat\u0103 \u00een 1998, ea f\u0103c\u00eend parte din Holdingul \u201eSheriff\u201d. Activit\u0103\u021bile ei principale sunt: telefonia mobil\u0103, telefonia local\u0103, telefonia interurban\u0103 \u0219i interna\u021bional\u0103, accesul la Internet, televiziunea.<\/p>\n<p>Sursa:\u00a0<a href=\"https:\/\/unimedia.info\/ro\/news\/7a8552859f5d78a3\/o-noua-intrevedere-dodon-krasnoselski-la-sfarsitul-anului-liderul-transnistriei-indignat-de-partidul-socialistilor.html?spot_im_comment_id=sp_4GVurUX1_unimedia-newsite-7a8552859f5d78a3_c_WHWem0&amp;spotim_referrer=recirculation%3Futm_source&amp;utm_medium=Trend%20News%20Widget&amp;utm_campaign=Trend%20News%20Widget&amp;fbclid=IwAR2BvBckOwOKZcJpafeOQBjAIfCChVAL-Ehn6JBTLbLG027jNruOwAzA18E\">https:\/\/unimedia.info\/<\/a><\/p>\n","protected":false},"excerpt":{"rendered":"<p>La sf\u00e2r\u0219itul anului 2018 pre\u015fedintele Igor Dodon va avea o \u00eentrevedere cu Vadim Krasnoselski. Despre aceasta a anun\u021bat liderul Transnistriei, \u00eens\u0103 detalii data anumit\u0103 \u0219i unde va avea loc \u00eent\u00e2lnirea nu a oferit. \u201eVom continua contactele \u00een format &#8220;1 + 1&#8221; &#8211; \u00eent\u00e2lniri ale pre\u0219edin\u021bilor Transnistriei \u0219i Republicii Moldova. C\u00e2nd ne-am \u00eent\u00e2lnit \u00een septembrie cu&#8230;<\/p>\n","protected":false},"author":2,"featured_media":0,"comment_status":"closed","ping_status":"open","sticky":false,"template":"","format":"standard","meta":[],"categories":[1],"tags":[],"_links":{"self":[{"href":"https:\/\/centers.ulbsibiu.ro\/ccsprise\/lact\/wp-json\/wp\/v2\/posts\/5729"}],"collection":[{"href":"https:\/\/centers.ulbsibiu.ro\/ccsprise\/lact\/wp-json\/wp\/v2\/posts"}],"about":[{"href":"https:\/\/centers.ulbsibiu.ro\/ccsprise\/lact\/wp-json\/wp\/v2\/types\/post"}],"author":[{"embeddable":true,"href":"https:\/\/centers.ulbsibiu.ro\/ccsprise\/lact\/wp-json\/wp\/v2\/users\/2"}],"replies":[{"embeddable":true,"href":"https:\/\/centers.ulbsibiu.ro\/ccsprise\/lact\/wp-json\/wp\/v2\/comments?post=5729"}],"version-history":[{"count":1,"href":"https:\/\/centers.ulbsibiu.ro\/ccsprise\/lact\/wp-json\/wp\/v2\/posts\/5729\/revisions"}],"predecessor-version":[{"id":5730,"href":"https:\/\/centers.ulbsibiu.ro\/ccsprise\/lact\/wp-json\/wp\/v2\/posts\/5729\/revisions\/5730"}],"wp:attachment":[{"href":"https:\/\/centers.ulbsibiu.ro\/ccsprise\/lact\/wp-json\/wp\/v2\/media?parent=5729"}],"wp:term":[{"taxonomy":"category","embeddable":true,"href":"https:\/\/centers.ulbsibiu.ro\/ccsprise\/lact\/wp-json\/wp\/v2\/categories?post=5729"},{"taxonomy":"post_tag","embeddable":true,"href":"https:\/\/centers.ulbsibiu.ro\/ccsprise\/lact\/wp-json\/wp\/v2\/tags?post=5729"}],"curies":[{"name":"wp","href":"https:\/\/api.w.org\/{rel}","templated":true}]}}