{"id":5725,"date":"2018-12-20T18:06:29","date_gmt":"2018-12-20T16:06:29","guid":{"rendered":"https:\/\/centers.ulbsibiu.ro\/ccsprise\/lact\/?p=5725"},"modified":"2018-12-20T18:06:29","modified_gmt":"2018-12-20T16:06:29","slug":"pdm-md-presedintele-pdm-vlad-plahotniuc-si-seful-misiunii-osce-in-moldova-claus-neukirch-au-discutat-despre-caile-de-solutionare-a-diferendului-transnistrean","status":"publish","type":"post","link":"https:\/\/centers.ulbsibiu.ro\/ccsprise\/lact\/pdm-md-presedintele-pdm-vlad-plahotniuc-si-seful-misiunii-osce-in-moldova-claus-neukirch-au-discutat-despre-caile-de-solutionare-a-diferendului-transnistrean\/","title":{"rendered":"Pdm.md &#8211; Pre\u015fedintele PDM Vlad Plahotniuc \u015fi \u015feful misiunii OSCE \u00een Moldova, Claus Neukirch, au discutat despre c\u0103ile de solu\u0163ionare a diferendului transnistrean"},"content":{"rendered":"<p>Pre\u015fedintele Partidului Democrat din Moldova, Vlad Plahotniuc, a avut joi o \u00eentrevedere cu noul \u015fef al misiunii din Republica Moldova a Organiza\u0163iei pentru Securitate \u015fi Cooperare \u00een Europa, Claus Neukirch.<br \/>\nVlad Plahotniuc a f\u0103cut o scurt\u0103 analiz\u0103 a situa\u0163iei din \u0163ar\u0103, vorbind despre rezultatele guvern\u0103rii PDM \u00een ultimii 3 ani \u00een plan economic \u015fi social, dar \u015fi despre realit\u0103\u0163ile politice ale momentului. \u00cen ceea ce prive\u015fte situa\u0163ia din regiunea de Est a Republicii Moldova, pre\u015fedintele PDM a reafirmat dorin\u0163a guvern\u0103rii actuale de rezolvare pa\u015fnic\u0103 a diferendului transnistrean, de re\u00eentregire a \u0163\u0103rii \u015fi de retragere a trupelor str\u0103ine de pe teritoriul na\u0163ional. Vlad Plahotniuc a spus c\u0103 protocoalele dintre Chi\u015fin\u0103u \u015fi Tiraspol, semnate \u00een urm\u0103 cu un an, au produs rezultate \u00een anul curent, gener\u00e2nd beneficii pentru cet\u0103\u0163enii Republicii Moldova de pe ambele maluri ale Nistrului. Liderul PDM s-a referit \u015fi la faptul c\u0103 \u0163ara noastr\u0103 de\u0163ine acum controlul frontierei de stat inclusiv pe segmentului transnistrean, ceea ce reprezint\u0103 o \u00eent\u0103rire a securit\u0103\u0163ii na\u0163ionale.<br \/>\n\u015eeful misiunii OSCE \u00een Republica Moldova, Claus Neukirch, a apreciat eforturile guvern\u0103rii de a apropia cet\u0103\u0163enii de pe ambele maluri ale Nistrului, inclusiv prin protocoalele semnate la sf\u00e2r\u015fitul anului 2017. El a afirmat c\u0103 pa\u015fii mici de apropiere \u00eentre cet\u0103\u0163eni sunt benefici \u00een acest context.<br \/>\nDe asemenea, Claus Neukirch i-a mul\u0163umit pre\u015fedintelui PDM Vlad Plahotniuc pentru implicarea \u00een dosarul transnistrean \u015fi pentru voin\u0163a politic\u0103 de a \u00eembun\u0103t\u0103\u0163i situa\u0163ia existent\u0103.<br \/>\nPre\u015fedintele PDM i-a mul\u0163umit diplomatului european pentru aprecieri \u015fi i-a urat mult succes \u00een activitate, asigur\u00e2nd-l c\u0103 din partea guvern\u0103rii exist\u0103 determinarea politic\u0103 pentru a fi dep\u0103\u015fite \u00een continuare c\u00e2t mai multe probleme privitoare la subiectul transnistrean. Misiunea lui Claus Neukirch \u00een fruntea Oficiului OSCE de la Chi\u015fin\u0103u a \u00eenceput \u00een luna septembrie curent. Claus Neukirch provine din Germania, are 20 de ani de experien\u0163\u0103 \u00een cadrul OSCE \u015fi \u00een prealabil a fost adjunct al \u015fefului misiunii OSCE \u00een \u0163ara noastr\u0103.<\/p>\n<p>Sursa:\u00a0<a href=\"http:\/\/pdm.md\/ro\/comunicat-de-presa\/presedintele-pdm-vlad-plahotniuc-si-seful-misiunii-osce-in-moldova-claus-neukirch-au-discutat-despre-caile-de-solutionare-a-diferendului-transnistrean\/\">http:\/\/pdm.md\/<\/a><\/p>\n","protected":false},"excerpt":{"rendered":"<p>Pre\u015fedintele Partidului Democrat din Moldova, Vlad Plahotniuc, a avut joi o \u00eentrevedere cu noul \u015fef al misiunii din Republica Moldova a Organiza\u0163iei pentru Securitate \u015fi Cooperare \u00een Europa, Claus Neukirch. Vlad Plahotniuc a f\u0103cut o scurt\u0103 analiz\u0103 a situa\u0163iei din \u0163ar\u0103, vorbind despre rezultatele guvern\u0103rii PDM \u00een ultimii 3 ani \u00een plan economic \u015fi social,&#8230;<\/p>\n","protected":false},"author":2,"featured_media":0,"comment_status":"closed","ping_status":"open","sticky":false,"template":"","format":"standard","meta":[],"categories":[1],"tags":[],"_links":{"self":[{"href":"https:\/\/centers.ulbsibiu.ro\/ccsprise\/lact\/wp-json\/wp\/v2\/posts\/5725"}],"collection":[{"href":"https:\/\/centers.ulbsibiu.ro\/ccsprise\/lact\/wp-json\/wp\/v2\/posts"}],"about":[{"href":"https:\/\/centers.ulbsibiu.ro\/ccsprise\/lact\/wp-json\/wp\/v2\/types\/post"}],"author":[{"embeddable":true,"href":"https:\/\/centers.ulbsibiu.ro\/ccsprise\/lact\/wp-json\/wp\/v2\/users\/2"}],"replies":[{"embeddable":true,"href":"https:\/\/centers.ulbsibiu.ro\/ccsprise\/lact\/wp-json\/wp\/v2\/comments?post=5725"}],"version-history":[{"count":1,"href":"https:\/\/centers.ulbsibiu.ro\/ccsprise\/lact\/wp-json\/wp\/v2\/posts\/5725\/revisions"}],"predecessor-version":[{"id":5726,"href":"https:\/\/centers.ulbsibiu.ro\/ccsprise\/lact\/wp-json\/wp\/v2\/posts\/5725\/revisions\/5726"}],"wp:attachment":[{"href":"https:\/\/centers.ulbsibiu.ro\/ccsprise\/lact\/wp-json\/wp\/v2\/media?parent=5725"}],"wp:term":[{"taxonomy":"category","embeddable":true,"href":"https:\/\/centers.ulbsibiu.ro\/ccsprise\/lact\/wp-json\/wp\/v2\/categories?post=5725"},{"taxonomy":"post_tag","embeddable":true,"href":"https:\/\/centers.ulbsibiu.ro\/ccsprise\/lact\/wp-json\/wp\/v2\/tags?post=5725"}],"curies":[{"name":"wp","href":"https:\/\/api.w.org\/{rel}","templated":true}]}}