{"id":5718,"date":"2018-12-19T18:51:46","date_gmt":"2018-12-19T16:51:46","guid":{"rendered":"https:\/\/centers.ulbsibiu.ro\/ccsprise\/lact\/?p=5718"},"modified":"2018-12-19T18:51:46","modified_gmt":"2018-12-19T16:51:46","slug":"infotag-md-transnistria-sustine-ca-moldova-nu-este-pregatita-pentru-discutarea-problemelor-politice","status":"publish","type":"post","link":"https:\/\/centers.ulbsibiu.ro\/ccsprise\/lact\/infotag-md-transnistria-sustine-ca-moldova-nu-este-pregatita-pentru-discutarea-problemelor-politice\/","title":{"rendered":"Infotag.md &#8211; TRANSNISTRIA SUS\u0162INE C\u0102 MOLDOVA NU ESTE PREG\u0102TIT\u0102 PENTRU DISCUTAREA PROBLEMELOR POLITICE"},"content":{"rendered":"<p>Dac\u0103 Chi\u0219in\u0103ul era \u00eentr-adev\u0103r preg\u0103tit pentru o discu\u0163ie serioas\u0103 pe teme politice, atunci ar fi abrogat legea din 2005 cu privire la un oarecare \u201estatut special al Transnistriei\u201d, consider\u0103 ministrul de externe al autoproclamatei RMN, Vitalii Ignatiev, care a oferit miercuri un interviu agen\u021biei de pres\u0103 \u201eNovosti Prednestrovia\u201d.<\/p>\n<p>Potrivit agen\u0163iei INFOTAG, el a reamintit c\u0103 Transnistria \u201ese axeaz\u0103 \u00een mod clar pe voin\u021ba poporului, exprimat\u0103 la referendumuri\u201d.<\/p>\n<p>\u201eAceast\u0103 voin\u021b\u0103 este reflectat\u0103 \u00een Constitu\u021bie \u0219i \u00een conceptul de politic\u0103 extern\u0103, precum \u0219i \u00een strategia de dezvoltare a RMN pentru anii 2019-2026, aprobat\u0103 recent. Activitatea noastr\u0103 diplomatic\u0103 se bazeaz\u0103 pe aceste documente. Aceasta \u00eenseamn\u0103 c\u0103 construim rela\u021bii de bun\u0103 vecin\u0103tate, respect reciproc, egalitate cu Moldova vecin\u0103 \u0219i \u00eencerc\u0103m s\u0103 rezolv\u0103m conflictul prin recunoa\u0219terea interna\u021bional\u0103 larg\u0103 a Republicii Moldovene\u015fti Nistrene\u201d, a spus ministrul, subliniind c\u0103 aceast\u0103 pozi\u021bie \u201enu se poate schimba\u201d.<\/p>\n<p>El \u0219i-a exprimat \u00eendoiala c\u0103 autorit\u0103\u0163ile de la Chi\u0219in\u0103u este gata s\u0103 mearg\u0103 \u00een aceea\u0219i direc\u021bie, deoarece, \u201echiar \u0219i \u00een problemele umanitare partea moldoveneasc\u0103 nu prea este preg\u0103tit\u0103 s\u0103 negocieze\u201d.<\/p>\n<p>Potrivit lui, \u201elegea din 2005, care a determinat din timp un oarecare \u201estatut special\u201d pentru Transnistria, a fost adoptat\u0103 de Moldova \u00een mod unilateral, \u00een afara formatelor interna\u021bionale, f\u0103r\u0103 a \u021bine seama de opinia Transnistriei \u0219i de realitatea obiectiv\u0103\u201d.<\/p>\n<p>\u00cen acela\u0219i timp, Ignatiev a spus c\u0103 \u201eniciodat\u0103, la niciun nivel \u0219i format al dialogului, nu a auzit de la reprezentan\u021bii Chi\u0219in\u0103ului sau ai altor participan\u021bi interna\u021bionali despre disponibilitatea de a folosi aceast\u0103 lege ca baz\u0103 pentru negocieri \u2013 dimpotriv\u0103, partenerii interna\u021bionali, inclusiv Federa\u021bia Rus\u0103, critic\u0103 adoptarea acesteia\u201d.<\/p>\n<p>Sursa:\u00a0<a href=\"http:\/\/www.infotag.md\/rebelion-ro\/270694\/\">http:\/\/www.infotag.md\/<\/a><\/p>\n","protected":false},"excerpt":{"rendered":"<p>Dac\u0103 Chi\u0219in\u0103ul era \u00eentr-adev\u0103r preg\u0103tit pentru o discu\u0163ie serioas\u0103 pe teme politice, atunci ar fi abrogat legea din 2005 cu privire la un oarecare \u201estatut special al Transnistriei\u201d, consider\u0103 ministrul de externe al autoproclamatei RMN, Vitalii Ignatiev, care a oferit miercuri un interviu agen\u021biei de pres\u0103 \u201eNovosti Prednestrovia\u201d. Potrivit agen\u0163iei INFOTAG, el a reamintit c\u0103&#8230;<\/p>\n","protected":false},"author":2,"featured_media":0,"comment_status":"closed","ping_status":"open","sticky":false,"template":"","format":"standard","meta":[],"categories":[1],"tags":[],"_links":{"self":[{"href":"https:\/\/centers.ulbsibiu.ro\/ccsprise\/lact\/wp-json\/wp\/v2\/posts\/5718"}],"collection":[{"href":"https:\/\/centers.ulbsibiu.ro\/ccsprise\/lact\/wp-json\/wp\/v2\/posts"}],"about":[{"href":"https:\/\/centers.ulbsibiu.ro\/ccsprise\/lact\/wp-json\/wp\/v2\/types\/post"}],"author":[{"embeddable":true,"href":"https:\/\/centers.ulbsibiu.ro\/ccsprise\/lact\/wp-json\/wp\/v2\/users\/2"}],"replies":[{"embeddable":true,"href":"https:\/\/centers.ulbsibiu.ro\/ccsprise\/lact\/wp-json\/wp\/v2\/comments?post=5718"}],"version-history":[{"count":1,"href":"https:\/\/centers.ulbsibiu.ro\/ccsprise\/lact\/wp-json\/wp\/v2\/posts\/5718\/revisions"}],"predecessor-version":[{"id":5719,"href":"https:\/\/centers.ulbsibiu.ro\/ccsprise\/lact\/wp-json\/wp\/v2\/posts\/5718\/revisions\/5719"}],"wp:attachment":[{"href":"https:\/\/centers.ulbsibiu.ro\/ccsprise\/lact\/wp-json\/wp\/v2\/media?parent=5718"}],"wp:term":[{"taxonomy":"category","embeddable":true,"href":"https:\/\/centers.ulbsibiu.ro\/ccsprise\/lact\/wp-json\/wp\/v2\/categories?post=5718"},{"taxonomy":"post_tag","embeddable":true,"href":"https:\/\/centers.ulbsibiu.ro\/ccsprise\/lact\/wp-json\/wp\/v2\/tags?post=5718"}],"curies":[{"name":"wp","href":"https:\/\/api.w.org\/{rel}","templated":true}]}}