{"id":5716,"date":"2018-12-19T18:49:06","date_gmt":"2018-12-19T16:49:06","guid":{"rendered":"https:\/\/centers.ulbsibiu.ro\/ccsprise\/lact\/?p=5716"},"modified":"2018-12-19T18:49:06","modified_gmt":"2018-12-19T16:49:06","slug":"gov-md-la-tbilisi-a-fost-semnat-memorandumul-de-intelegere-si-cooperare-reciproca-intre-partea-moldoveneasca-georgiana-si-ucraineana","status":"publish","type":"post","link":"https:\/\/centers.ulbsibiu.ro\/ccsprise\/lact\/gov-md-la-tbilisi-a-fost-semnat-memorandumul-de-intelegere-si-cooperare-reciproca-intre-partea-moldoveneasca-georgiana-si-ucraineana\/","title":{"rendered":"Gov.md &#8211; La Tbilisi a fost semnat Memorandumul de \u00een\u021belegere \u0219i cooperare reciproc\u0103 \u00eentre partea moldoveneasc\u0103, georgian\u0103 \u0219i ucrainean\u0103"},"content":{"rendered":"<p>O nou\u0103 rund\u0103 de discu\u021bii \u00een cadrul platformei trilaterale de comunicare \u00eentre Moldova, Georgia \u0219i Ucraina a avut loc ast\u0103zi la Tbilisi. Vicepremierul Cristina Lesnic \u00eempreun\u0103 cu ministrul de stat al Georgiei pentru reconciliere \u0219i egalitate civic\u0103, Ketevan Tsikhelashvili \u0219i ministrul pentru teritoriile temporar ocupate \u015fi persoanele intern str\u0103mutate al Ucrainei, Vadim Cern\u00e2\u0219, au abordat o serie de probleme de interes comun ce vizeaz\u0103 conflictele nesolu\u021bionate.<\/p>\n<p>La finele \u00eentrevederii a avut loc ceremonia de semnare a Memorandumului de \u00een\u021belegere \u0219i cooperare reciproc\u0103 \u00eentre Biroul politici de reintegrare al Cancelariei de Stat a Republicii Moldova, Oficiul Ministrului de Stat al Georgiei pentru reconciliere \u0219i egalitate civic\u0103 \u0219i Ministerul pentru teritoriile temporar ocupate \u015fi persoanele intern str\u0103mutate al Ucrainei.<\/p>\n<p>Prin acest document s-a instituit o platform\u0103 trilateral\u0103 interdepartamental\u0103 pentru realizarea schimbului de bune practici \u00een domeniul politicilor de reintegrare a teritoriilor care nu sunt sub controlul statelor P\u0103r\u021bi \u0219i ini\u021bierea cooper\u0103rii regionale aprofundate \u00eentru identificarea modalit\u0103\u021bilor de sprijin reciproc.<\/p>\n<p>\u00centrevederea \u00een formatul trilateral este o continuare a dialogului, care a fost ini\u021biat \u00een luna noiembrie curent, \u00een cadrul vizitelor Mini\u0219trilor din Georgia \u0219i Ucraina la Chi\u0219in\u0103u.<\/p>\n<p>La final oficialii au r\u0103spuns la \u00eentreb\u0103rile reprezenta\u021bilor mass-media.<\/p>\n<p>Sursa:\u00a0<a href=\"https:\/\/gov.md\/ro\/content\/la-tbilisi-fost-semnat-memorandumul-de-intelegere-si-cooperare-reciproca-intre-partea\">https:\/\/gov.md\/<\/a><\/p>\n","protected":false},"excerpt":{"rendered":"<p>O nou\u0103 rund\u0103 de discu\u021bii \u00een cadrul platformei trilaterale de comunicare \u00eentre Moldova, Georgia \u0219i Ucraina a avut loc ast\u0103zi la Tbilisi. Vicepremierul Cristina Lesnic \u00eempreun\u0103 cu ministrul de stat al Georgiei pentru reconciliere \u0219i egalitate civic\u0103, Ketevan Tsikhelashvili \u0219i ministrul pentru teritoriile temporar ocupate \u015fi persoanele intern str\u0103mutate al Ucrainei, Vadim Cern\u00e2\u0219, au abordat&#8230;<\/p>\n","protected":false},"author":2,"featured_media":0,"comment_status":"closed","ping_status":"open","sticky":false,"template":"","format":"standard","meta":[],"categories":[1],"tags":[],"_links":{"self":[{"href":"https:\/\/centers.ulbsibiu.ro\/ccsprise\/lact\/wp-json\/wp\/v2\/posts\/5716"}],"collection":[{"href":"https:\/\/centers.ulbsibiu.ro\/ccsprise\/lact\/wp-json\/wp\/v2\/posts"}],"about":[{"href":"https:\/\/centers.ulbsibiu.ro\/ccsprise\/lact\/wp-json\/wp\/v2\/types\/post"}],"author":[{"embeddable":true,"href":"https:\/\/centers.ulbsibiu.ro\/ccsprise\/lact\/wp-json\/wp\/v2\/users\/2"}],"replies":[{"embeddable":true,"href":"https:\/\/centers.ulbsibiu.ro\/ccsprise\/lact\/wp-json\/wp\/v2\/comments?post=5716"}],"version-history":[{"count":1,"href":"https:\/\/centers.ulbsibiu.ro\/ccsprise\/lact\/wp-json\/wp\/v2\/posts\/5716\/revisions"}],"predecessor-version":[{"id":5717,"href":"https:\/\/centers.ulbsibiu.ro\/ccsprise\/lact\/wp-json\/wp\/v2\/posts\/5716\/revisions\/5717"}],"wp:attachment":[{"href":"https:\/\/centers.ulbsibiu.ro\/ccsprise\/lact\/wp-json\/wp\/v2\/media?parent=5716"}],"wp:term":[{"taxonomy":"category","embeddable":true,"href":"https:\/\/centers.ulbsibiu.ro\/ccsprise\/lact\/wp-json\/wp\/v2\/categories?post=5716"},{"taxonomy":"post_tag","embeddable":true,"href":"https:\/\/centers.ulbsibiu.ro\/ccsprise\/lact\/wp-json\/wp\/v2\/tags?post=5716"}],"curies":[{"name":"wp","href":"https:\/\/api.w.org\/{rel}","templated":true}]}}