{"id":5710,"date":"2018-12-16T19:45:05","date_gmt":"2018-12-16T17:45:05","guid":{"rendered":"https:\/\/centers.ulbsibiu.ro\/ccsprise\/lact\/?p=5710"},"modified":"2018-12-16T19:45:05","modified_gmt":"2018-12-16T17:45:05","slug":"radiochisinau-md-situatia-scolilor-romanesti-din-transnistria-neschimbata-acesti-copii-nu-merita-sa-aiba-o-copilarie-atat-de-dura-spun-profesorii","status":"publish","type":"post","link":"https:\/\/centers.ulbsibiu.ro\/ccsprise\/lact\/radiochisinau-md-situatia-scolilor-romanesti-din-transnistria-neschimbata-acesti-copii-nu-merita-sa-aiba-o-copilarie-atat-de-dura-spun-profesorii\/","title":{"rendered":"Radiochisinau.md &#8211; Situa\u021bia \u0219colilor rom\u00e2ne\u0219ti din Transnistria, neschimbat\u0103. Ace\u0219ti copii nu merit\u0103 s\u0103 aib\u0103 o copil\u0103rie at\u00e2t de dur\u0103, spun profesorii"},"content":{"rendered":"<p class=\"story-body__introduction\">\u00cen pofida ultimelor acorduri \u0219i documente\u00a0 semnate \u00eentre \u00a0Chi\u0219in\u0103u \u0219i Tiraspol \u00een privin\u021ba \u0219colilor rom\u00e2ne\u0219ti din st\u00e2nga Nistrului, situa\u021bia acestora\u00a0nu s-a \u00eembun\u0103t\u0103\u021bit \u00een ultimul an, afirm\u0103 directorii celor opt \u0219coli cu predare \u00een limba rom\u00e2n\u0103 din regiunea transnistrean\u0103.<\/p>\n<div class=\"articleContent\">\n<p>Cu c\u00e2\u021biva dintre ace\u0219tia a reu\u0219it s\u0103 discute Ina Gu\u021bu \u0219i a aflat care sunt principalele probleme cu care se confrunt\u0103, \u00a0dar \u0219i c\u00e2t de greu este s\u0103 continue s\u0103 lupte pentru limba rom\u00e2n\u0103 \u0219i propria identitate \u00een st\u00e2nga Nistrului.<\/p>\n<p>La Liceul \u201d\u0218tefan cel Mare\u201d din Grigoriopol \u00ee\u0219i fac studiile 175 de copii, cu 36 de copii mai mul\u021bi dec\u00e2t \u00een anul precedent.\u00a0 Eleonora Cercavschi este directoarea acestei institu\u021bii numite simbolic \u201d\u0219coala mobil\u0103\u201d\u00a0 din regiunea transnistrean\u0103, \u00een care elevii \u00eempreun\u0103 cu profesorii, sunt nevoi\u021bi s\u0103 parcurg\u0103 zilnic c\u00e2te 30-50 de kilometri cu autobuzul, s\u0103 treac\u0103 de a\u0219a numita vam\u0103 transnistrean\u0103 pentru a \u00eenv\u0103\u021ba \u00een propria limb\u0103 \u2013 cea rom\u00e2n\u0103.<\/p>\n<p>Autorit\u0103\u021bile nu au returnat nici p\u00e2n\u0103 acum cl\u0103direa \u0219colii din Grigoriopol, a\u0219a \u00eenc\u00e2t elevii de la aceast\u0103 institu\u021bie sunt nevoi\u021bi s\u0103 mearg\u0103 s\u0103 \u00eenve\u021be \u00een \u0219coala din localitatea Doro\u021bcaia \u0219i s\u0103 \u00ee\u0219i desf\u0103\u0219oare orele \u00een schimbul doi.<\/p>\n<blockquote><p>\u201dNe bucur\u0103m c\u0103 a ap\u0103rut interesul fa\u021b\u0103 de \u0219coala rom\u00e2neasc\u0103, dar ne \u00eentristeaz\u0103 c\u0103 nu se g\u0103sesc solu\u021bii ca ace\u0219ti copii s\u0103 \u00ee\u0219i fac\u0103 studiile \u00een localitatea lor. Ace\u0219ti copii nu merit\u0103 s\u0103 aib\u0103 o copil\u0103rie at\u00e2t de dur\u0103. Via\u021ba noastr\u0103, a maturilor, am petrecut-o \u00een presiune \u0219i \u00eenjosire. Zilnic suntem \u00eenjosi\u021bi atunci c\u00e2nd trecem prin acele grani\u021be, pentru c\u0103 cineva a vrut s\u0103 \u00ee\u0219i mai fac\u0103 o \u021bar\u0103. Noi nu cunoa\u0219tem toate acele subtilit\u0103\u021bi, discu\u021biile care se duc \u00eentre conduc\u0103torii no\u0219tri \u0219i separati\u0219tii de la Tiraspol, dar deocamdat\u0103 sunt prea pu\u021bine bucurii\u201d, spune Eleonora Cercavschi, sirectoarea Liceului din Grigoriopol.<\/p><\/blockquote>\n<p>La Liceul \u201dAlexandru cel Bun\u201d din Tighina \u00ee\u0219i fac studiile anul acesta 441 de elevi. Maria Roibu, directoarea institu\u021biei a vorbit pentru Radio Chi\u0219in\u0103u c\u00e2t de grea este lupta pentru limba rom\u00e2n\u0103 pe care o duc profesorii, elevii \u00eempreun\u0103 cu p\u0103rin\u021bii etnicilor rom\u00e2ni \u00een regiunea transnistrean\u0103 de aproape trei decenii.<\/p>\n<blockquote><p>\u201dLa fel cum st\u00e2nca st\u0103 \u0219i este permanent b\u0103tut\u0103 de v\u00e2nt \u0219i tot ce este greu, a\u0219a \u0219i noi, a\u0219a \u0219i pe noi, de aproape trei decenii ne-a c\u0103lit via\u021ba. Suntem gata de a face fa\u021b\u0103 tuturor greut\u0103\u021bilor pentru c\u0103 ne d\u0103m bine seama pentru cine ne ducem noi la lucru. Acolo vin copiii care parcurg zilnic c\u00e2te 27 de km pentru a \u00eenv\u0103\u021ba \u00een limba lor matern\u0103. Doresc s\u0103 \u00eenve\u021be \u00eentr-o \u0219coal\u0103 care are viitor<strong>\u201d<\/strong><\/p><\/blockquote>\n<p>La Liceul \u201dMihai Eminescu\u201d din Dub\u0103sari anul acesta studiaz\u0103 385 de copii, cu peste 40 de elevi mai mul\u021bi fa\u021b\u0103 de anul 2016. Directoarea institu\u021biei, Aurelia Ursu, a declarat pentru Radio Chi\u0219in\u0103u ce \u00eenseamn\u0103 s\u0103 fii rom\u00e2n \u00een st\u00e2nga Nistrului.<\/p>\n<blockquote><p>\u201dNu avem o cl\u0103dire adecvat\u0103 unei institu\u021bii de \u00eenv\u0103\u021b\u0103m\u00e2nt. Copiii se confrunt\u0103 cu probleme atunci c\u00e2nd trebuie s\u0103 se deplaseze, s\u0103 treac\u0103 a\u0219a-numita vam\u0103 transnistrean\u0103, la fel ca \u0219i profesorii. Avem probleme la transportarea materialelor didactice. Avem \u0219i alte probleme care ne \u00eempiedic\u0103 s\u0103 ne sim\u021bim acas\u0103\u201d<\/p><\/blockquote>\n<p>Fost director al Gimnaziului din Corjova, profesorul de matematic\u0103 Constantin Sucitu consider\u0103 c\u0103 cele opt \u0219coli cu predare \u00een limba rom\u00e2n\u0103 din St\u00e2nga Nistrului nu vor mai putea rezista foarte mult presiunilor constante din partea autorit\u0103\u021bilor separatiste de la Tiraspol.<\/p>\n<blockquote><p>\u201dEste foarte greu de lucrat \u00een aceste condi\u021bii. Suntem persecuta\u021bi \u00een fiecare an. La manifest\u0103rile dedicate Primului Sunet, vine mili\u021bia transnistrean\u0103, nu ne las\u0103 s\u0103 arbor\u0103m drapelul, s\u0103 folosim mijloacele tehnice pentru a intona imnul. C\u00e2nd sunt chemat la ei pentru a semna c\u0103 nu voi face aceste lucruri, le spun pentru voi 1 septembrie este o s\u0103rb\u0103toare, pentru noi este \u00eens\u0103 o mare dram\u0103. To\u021bi copiii sunt din aceast\u0103 regiune, cet\u0103\u021beni ai R. Moldova, \u00a0de ce v\u0103 bate\u021bi joc de ei.\u00a0 Strig\u0103tul nostru nu ajunge \u00eens\u0103 la urechile lor\u201d<\/p><\/blockquote>\n<p>Amintim c\u0103 \u00een st\u00e2nga Nistrului exist\u0103 doar opt \u0219coli cu predare \u00een limba rom\u00e2n\u0103. Acum \u0219ase ani, Curtea European\u0103 pentru Drepturile Omului a condamnat Rusia pentru \u00eenc\u0103lcarea dreptului la educa\u021bie pentru elevii care studiaz\u0103 \u00een aceste \u0219coli.<\/p>\n<p>Sursa:\u00a0<a href=\"https:\/\/radiochisinau.md\/situatia-scolilor-romanesti-din-transnistria-neschimbata-acesti-copii-nu-merita-sa-aiba-o-copilarie-atat-de-dura-spun-profesorii---79497.html?fbclid=IwAR2Le1bsl4HH0oQPLHX8uEiqiWaxl98CJ9HGhkNgGDTJV-9IRJBsRupFC1U\">https:\/\/radiochisinau.md<\/a><\/p>\n<\/div>\n","protected":false},"excerpt":{"rendered":"<p>\u00cen pofida ultimelor acorduri \u0219i documente\u00a0 semnate \u00eentre \u00a0Chi\u0219in\u0103u \u0219i Tiraspol \u00een privin\u021ba \u0219colilor rom\u00e2ne\u0219ti din st\u00e2nga Nistrului, situa\u021bia acestora\u00a0nu s-a \u00eembun\u0103t\u0103\u021bit \u00een ultimul an, afirm\u0103 directorii celor opt \u0219coli cu predare \u00een limba rom\u00e2n\u0103 din regiunea transnistrean\u0103. Cu c\u00e2\u021biva dintre ace\u0219tia a reu\u0219it s\u0103 discute Ina Gu\u021bu \u0219i a aflat care sunt principalele probleme&#8230;<\/p>\n","protected":false},"author":2,"featured_media":0,"comment_status":"closed","ping_status":"open","sticky":false,"template":"","format":"standard","meta":[],"categories":[1],"tags":[],"_links":{"self":[{"href":"https:\/\/centers.ulbsibiu.ro\/ccsprise\/lact\/wp-json\/wp\/v2\/posts\/5710"}],"collection":[{"href":"https:\/\/centers.ulbsibiu.ro\/ccsprise\/lact\/wp-json\/wp\/v2\/posts"}],"about":[{"href":"https:\/\/centers.ulbsibiu.ro\/ccsprise\/lact\/wp-json\/wp\/v2\/types\/post"}],"author":[{"embeddable":true,"href":"https:\/\/centers.ulbsibiu.ro\/ccsprise\/lact\/wp-json\/wp\/v2\/users\/2"}],"replies":[{"embeddable":true,"href":"https:\/\/centers.ulbsibiu.ro\/ccsprise\/lact\/wp-json\/wp\/v2\/comments?post=5710"}],"version-history":[{"count":1,"href":"https:\/\/centers.ulbsibiu.ro\/ccsprise\/lact\/wp-json\/wp\/v2\/posts\/5710\/revisions"}],"predecessor-version":[{"id":5711,"href":"https:\/\/centers.ulbsibiu.ro\/ccsprise\/lact\/wp-json\/wp\/v2\/posts\/5710\/revisions\/5711"}],"wp:attachment":[{"href":"https:\/\/centers.ulbsibiu.ro\/ccsprise\/lact\/wp-json\/wp\/v2\/media?parent=5710"}],"wp:term":[{"taxonomy":"category","embeddable":true,"href":"https:\/\/centers.ulbsibiu.ro\/ccsprise\/lact\/wp-json\/wp\/v2\/categories?post=5710"},{"taxonomy":"post_tag","embeddable":true,"href":"https:\/\/centers.ulbsibiu.ro\/ccsprise\/lact\/wp-json\/wp\/v2\/tags?post=5710"}],"curies":[{"name":"wp","href":"https:\/\/api.w.org\/{rel}","templated":true}]}}