{"id":5707,"date":"2018-12-14T18:32:19","date_gmt":"2018-12-14T16:32:19","guid":{"rendered":"https:\/\/centers.ulbsibiu.ro\/ccsprise\/lact\/?p=5707"},"modified":"2018-12-14T18:32:19","modified_gmt":"2018-12-14T16:32:19","slug":"gov-md-tiraspolul-incearca-sa-refaca-harta-zonei-de-securitate","status":"publish","type":"post","link":"https:\/\/centers.ulbsibiu.ro\/ccsprise\/lact\/gov-md-tiraspolul-incearca-sa-refaca-harta-zonei-de-securitate\/","title":{"rendered":"Gov.md &#8211; Tiraspolul \u00eencearc\u0103 s\u0103 refac\u0103 harta Zonei de Securitate"},"content":{"rendered":"<p>O nou\u0103 \u0219edin\u021b\u0103 a Comisiei Unificate de Control s-a desf\u0103\u0219urat la 13 decembrie \u00een or. Bender \u0219i a fost condus\u0103 de c\u0103tre delega\u021bia Republicii Moldova.<\/p>\n<p>Eforturile delega\u021biei noastre \u00een direc\u021bia \u00eembun\u0103t\u0103\u021birii activit\u0103\u021bilor de supraveghere \u00een Zona de Securitate au continuat \u0219i pe parcursul \u0219edin\u021bei respective. Astfel, p\u0103r\u021bilor li s-a propus elaborarea unui regulament al Comandamentului Militar \u00centrunit <em>(structur\u0103 subordonat\u0103 Comisiei care gestioneaz\u0103 componenta militar\u0103 \u00een Zona de Securitate),<\/em> precum \u0219i crearea unui mecanism ce vizeaz\u0103 monitorizarea situa\u021biei prin posturile mobile ale pacificatorilor.<\/p>\n<p>De men\u021bionat c\u0103 demersul p\u0103r\u021bii moldovene\u0219ti este condi\u021bionat de lipsa la moment a unui astfel de regulament \u00een care s\u0103 fie stipulat exhaustiv modul de ac\u021bionare a comandan\u021bilor militari. Pe cel de-al doilea aspect, necesitatea deriv\u0103 din constatarea unor deficien\u021be \u00een procesul de \u00eenlocuire a posturilor sta\u021bionare de pacificare cu cele mobile, \u00een conformitate cu acordurile \u00een vigoare.<\/p>\n<p>Cu regret, ini\u021biativa benefic\u0103 ce are ca scop evitarea unor ac\u021biuni destabilizatoare nu a fost sus\u021binut\u0103 de c\u0103tre delega\u021bia transnistrean\u0103. Delega\u021bia\u00a0 Federa\u021biei Ruse a solicitat o pauz\u0103 pentru a-\u0219i formula pozi\u021bia.<\/p>\n<p>Au fost audia\u021bi membrii Comisiei Unificate de Control \u0219i comandan\u021bii militari care au inspectat postul nr. 9 (drept \u0219i st\u00eeng). \u00cen aceast\u0103 privin\u021b\u0103, urmeaz\u0103 a fi elaborat \u0219i prezentat Comisiei un raport amplu.<\/p>\n<p>S-a luat act de raportul s\u0103pt\u0103m\u00eenal al Comandamentului Militar \u00centrunit pentru perioada 5 \u2013 11 decembrie. Au fost audia\u021bi reprezentan\u021bii p\u0103r\u021bilor \u00een Comandamentul Militar \u00centrunit, fiind constatate divergen\u021be de opinie legate de rolul comandan\u021bilor militari \u00een localit\u0103\u021bile cu regim sporit de securitate.<\/p>\n<p>La final, delega\u021bia Republicii Moldova a \u00eenaintat p\u0103r\u021bilor <a href=\"https:\/\/gov.md\/sites\/default\/files\/document\/attachments\/obrashchenie_12.12_0.pdf\">o adresare<\/a>\u00a0 prin care demasc\u0103 falsificarea de c\u0103tre reprezentan\u021bii transnistreni a unei h\u0103r\u021bi, cu trasarea eronat\u0103 a liniilor Zonei de Securitate, contrar coordonatelor geografice stabilite \u00een anul 1992.<\/p>\n<p>Tentativa structurilor transnistrene de remodelare a limitelor Zonei de Securitate are ca obiectiv limitarea activit\u0103\u021bilor de monitorizare din partea observatorilor militari, \u00een special ce \u021bine de or. Tiraspol. Pe caz, fiind prezentate un \u0219ir de argumente cu privire la caracterul fictiv, s-a solicitat efectuarea unei cercet\u0103ri de serviciu cu privire la circumstan\u021bele apari\u021biei \u0219i utiliz\u0103rii h\u0103r\u021bii invocate, cu retragerea din uz a acesteia.<\/p>\n<p>&nbsp;<\/p>\n<p>Delega\u021bia Republicii Moldova \u00een Comisia Unificat\u0103 de Control<\/p>\n<p>&nbsp;<\/p>\n<p>Sursa:\u00a0<a href=\"https:\/\/gov.md\/ro\/content\/tiraspolul-incearca-sa-refaca-harta-zonei-de-securitate\">https:\/\/gov.md\/<\/a><\/p>\n","protected":false},"excerpt":{"rendered":"<p>O nou\u0103 \u0219edin\u021b\u0103 a Comisiei Unificate de Control s-a desf\u0103\u0219urat la 13 decembrie \u00een or. Bender \u0219i a fost condus\u0103 de c\u0103tre delega\u021bia Republicii Moldova. Eforturile delega\u021biei noastre \u00een direc\u021bia \u00eembun\u0103t\u0103\u021birii activit\u0103\u021bilor de supraveghere \u00een Zona de Securitate au continuat \u0219i pe parcursul \u0219edin\u021bei respective. Astfel, p\u0103r\u021bilor li s-a propus elaborarea unui regulament al Comandamentului&#8230;<\/p>\n","protected":false},"author":2,"featured_media":0,"comment_status":"closed","ping_status":"open","sticky":false,"template":"","format":"standard","meta":[],"categories":[1],"tags":[],"_links":{"self":[{"href":"https:\/\/centers.ulbsibiu.ro\/ccsprise\/lact\/wp-json\/wp\/v2\/posts\/5707"}],"collection":[{"href":"https:\/\/centers.ulbsibiu.ro\/ccsprise\/lact\/wp-json\/wp\/v2\/posts"}],"about":[{"href":"https:\/\/centers.ulbsibiu.ro\/ccsprise\/lact\/wp-json\/wp\/v2\/types\/post"}],"author":[{"embeddable":true,"href":"https:\/\/centers.ulbsibiu.ro\/ccsprise\/lact\/wp-json\/wp\/v2\/users\/2"}],"replies":[{"embeddable":true,"href":"https:\/\/centers.ulbsibiu.ro\/ccsprise\/lact\/wp-json\/wp\/v2\/comments?post=5707"}],"version-history":[{"count":1,"href":"https:\/\/centers.ulbsibiu.ro\/ccsprise\/lact\/wp-json\/wp\/v2\/posts\/5707\/revisions"}],"predecessor-version":[{"id":5708,"href":"https:\/\/centers.ulbsibiu.ro\/ccsprise\/lact\/wp-json\/wp\/v2\/posts\/5707\/revisions\/5708"}],"wp:attachment":[{"href":"https:\/\/centers.ulbsibiu.ro\/ccsprise\/lact\/wp-json\/wp\/v2\/media?parent=5707"}],"wp:term":[{"taxonomy":"category","embeddable":true,"href":"https:\/\/centers.ulbsibiu.ro\/ccsprise\/lact\/wp-json\/wp\/v2\/categories?post=5707"},{"taxonomy":"post_tag","embeddable":true,"href":"https:\/\/centers.ulbsibiu.ro\/ccsprise\/lact\/wp-json\/wp\/v2\/tags?post=5707"}],"curies":[{"name":"wp","href":"https:\/\/api.w.org\/{rel}","templated":true}]}}