{"id":5705,"date":"2018-12-14T18:30:49","date_gmt":"2018-12-14T16:30:49","guid":{"rendered":"https:\/\/centers.ulbsibiu.ro\/ccsprise\/lact\/?p=5705"},"modified":"2018-12-14T18:30:49","modified_gmt":"2018-12-14T16:30:49","slug":"infotag-md-negociatorul-transnistrean-a-discutat-cu-seful-misiunii-osce-o-gama-de-probleme-actuale","status":"publish","type":"post","link":"https:\/\/centers.ulbsibiu.ro\/ccsprise\/lact\/infotag-md-negociatorul-transnistrean-a-discutat-cu-seful-misiunii-osce-o-gama-de-probleme-actuale\/","title":{"rendered":"Infotag.md &#8211; NEGOCIATORUL TRANSNISTREAN A DISCUTAT CU \u015eEFUL MISIUNII OSCE O GAM\u0102 DE PROBLEME ACTUALE"},"content":{"rendered":"<p>Ministrul de externe al autoproclamatei RMN, Vitalii Ignatiev, \u015fi \u015feful Misiunii OSCE \u00een Moldova, Claus Neukirch, au discutat \u00een ajun, la Tiraspol, o gam\u0103 de probleme actuale de pe agenda procesului de negocieri \u00eentre Transnistria \u015fi Moldova.<br \/>\nPotrivit agen\u0163iei INFOTAG cu referire la site-ul MAE al regiunii, \u201eanaliz\u00e2nd situa\u021bia privind implementarea \u00een\u0163elegerilor \u00eenregistrate \u00een procesul-verbal al celor trei \u015fedin\u0163e anterioare ale \u201eReuniunii Permanente&#8230;\u201d, diploma\u021bii au constatat necesitatea \u00eendeplinirii plenare a obliga\u021biilor asumate de p\u0103r\u021bi \u00een domeniul telecomunica\u021biilor \u0219i cauzelor penale motivate politic\u201d.<br \/>\nTotodat\u0103, participan\u021bii la \u00eentrevedere \u015fi-au exprimat \u201eopinia consolidat\u0103 asupra importan\u021bei men\u021binerii dinamicii din ultimul an \u00een dialogul dintre Transnistria \u0219i Moldova\u201d.<br \/>\nInterlocutorii au identificat \u201epriorit\u0103\u021bile activit\u0103\u0163ii \u00een cadrul procesului de negocieri \u00een 2019 \u0219i au trasat perspectivele de cooperare cu OSCE \u00een contextul pre\u0219edin\u021biei viitoare a Slovaciei\u201d.<\/p>\n<p>Sursa:\u00a0<a href=\"http:\/\/www.infotag.md\/rebelion-ro\/270416\/\">http:\/\/www.infotag.md\/<\/a><\/p>\n","protected":false},"excerpt":{"rendered":"<p>Ministrul de externe al autoproclamatei RMN, Vitalii Ignatiev, \u015fi \u015feful Misiunii OSCE \u00een Moldova, Claus Neukirch, au discutat \u00een ajun, la Tiraspol, o gam\u0103 de probleme actuale de pe agenda procesului de negocieri \u00eentre Transnistria \u015fi Moldova. Potrivit agen\u0163iei INFOTAG cu referire la site-ul MAE al regiunii, \u201eanaliz\u00e2nd situa\u021bia privind implementarea \u00een\u0163elegerilor \u00eenregistrate \u00een procesul-verbal&#8230;<\/p>\n","protected":false},"author":2,"featured_media":0,"comment_status":"closed","ping_status":"open","sticky":false,"template":"","format":"standard","meta":[],"categories":[1],"tags":[],"_links":{"self":[{"href":"https:\/\/centers.ulbsibiu.ro\/ccsprise\/lact\/wp-json\/wp\/v2\/posts\/5705"}],"collection":[{"href":"https:\/\/centers.ulbsibiu.ro\/ccsprise\/lact\/wp-json\/wp\/v2\/posts"}],"about":[{"href":"https:\/\/centers.ulbsibiu.ro\/ccsprise\/lact\/wp-json\/wp\/v2\/types\/post"}],"author":[{"embeddable":true,"href":"https:\/\/centers.ulbsibiu.ro\/ccsprise\/lact\/wp-json\/wp\/v2\/users\/2"}],"replies":[{"embeddable":true,"href":"https:\/\/centers.ulbsibiu.ro\/ccsprise\/lact\/wp-json\/wp\/v2\/comments?post=5705"}],"version-history":[{"count":1,"href":"https:\/\/centers.ulbsibiu.ro\/ccsprise\/lact\/wp-json\/wp\/v2\/posts\/5705\/revisions"}],"predecessor-version":[{"id":5706,"href":"https:\/\/centers.ulbsibiu.ro\/ccsprise\/lact\/wp-json\/wp\/v2\/posts\/5705\/revisions\/5706"}],"wp:attachment":[{"href":"https:\/\/centers.ulbsibiu.ro\/ccsprise\/lact\/wp-json\/wp\/v2\/media?parent=5705"}],"wp:term":[{"taxonomy":"category","embeddable":true,"href":"https:\/\/centers.ulbsibiu.ro\/ccsprise\/lact\/wp-json\/wp\/v2\/categories?post=5705"},{"taxonomy":"post_tag","embeddable":true,"href":"https:\/\/centers.ulbsibiu.ro\/ccsprise\/lact\/wp-json\/wp\/v2\/tags?post=5705"}],"curies":[{"name":"wp","href":"https:\/\/api.w.org\/{rel}","templated":true}]}}