{"id":5703,"date":"2018-12-14T18:27:44","date_gmt":"2018-12-14T16:27:44","guid":{"rendered":"https:\/\/centers.ulbsibiu.ro\/ccsprise\/lact\/?p=5703"},"modified":"2018-12-14T18:27:44","modified_gmt":"2018-12-14T16:27:44","slug":"gov-md-viceprim-ministrul-cristina-lesnic-l-a-primit-intr-o-vizita-de-lucru-pe-seful-misiunii-osce-in-republica-moldova-claus-neukirch","status":"publish","type":"post","link":"https:\/\/centers.ulbsibiu.ro\/ccsprise\/lact\/gov-md-viceprim-ministrul-cristina-lesnic-l-a-primit-intr-o-vizita-de-lucru-pe-seful-misiunii-osce-in-republica-moldova-claus-neukirch\/","title":{"rendered":"Gov.md &#8211; Viceprim-ministrul Cristina Lesnic l-a primit \u00eentr-o vizit\u0103 de lucru pe \u0218eful Misiunii OSCE \u00een Republica Moldova, Claus Neukirch"},"content":{"rendered":"<p>La 13 decembrie, Viceprim-ministrul pentru Reintegrare, Cristina Lesnic a avut o \u00eentrevedere cu \u0218eful Misiunii OSCE \u00een Republica Moldova, Claus Neukirch. La \u0219edin\u021b\u0103 au mai participat reprezentan\u021bi ai Biroului politici de reintegrare, precum \u0219i ai Ministerului Afacerilor Externe \u0219i Integr\u0103rii Europene.<br \/>\n\u00cen cadrul \u00eentrevederii, p\u0103r\u021bile au discutat despre accederea mijloacelor de transport cu numere de \u00eenmatriculare neutre \u00een traficul rutier interna\u021bional, importul medicamentelor \u00een partea st\u00e2ng\u0103 a Nistrului, precum \u0219i subiectul cu privire la cooperarea \u00een domeniul telecomunica\u021biilor.<br \/>\nO aten\u021bie sporit\u0103 a fost acordat\u0103 aspectelor ce \u021bin de situa\u021bia din perimetrul Zonei de Securitate. Claus Neukirch a propus organizarea unei \u0219edin\u021be separate dedicate subiectului respectiv \u0219i elaborarea unei metodologii de reglementare \u0219i investigare a incidentelor din Zon\u0103.<br \/>\nTotodat\u0103, Cristina Lesnic a men\u021bionat despre faptul desf\u0103\u0219ur\u0103rii, la data de 13 decembrie curent, la Tiraspol a reuniunii Grupului de lucru pe problemele economice.<br \/>\nOficialii au efectuat o analiz\u0103 ampl\u0103 a rezultatelor ob\u021binute \u00een procesul de negocieri pe parcursul anului 2018 \u0219i au eviden\u021biat priorit\u0103\u021bile pentru anul urm\u0103tor.<\/p>\n<p>Sursa:\u00a0<a href=\"https:\/\/gov.md\/ro\/content\/viceprim-ministrul-cristina-lesnic-l-primit-intr-o-vizita-de-lucru-pe-seful-misiunii-osce\">https:\/\/gov.md\/<\/a><\/p>\n","protected":false},"excerpt":{"rendered":"<p>La 13 decembrie, Viceprim-ministrul pentru Reintegrare, Cristina Lesnic a avut o \u00eentrevedere cu \u0218eful Misiunii OSCE \u00een Republica Moldova, Claus Neukirch. La \u0219edin\u021b\u0103 au mai participat reprezentan\u021bi ai Biroului politici de reintegrare, precum \u0219i ai Ministerului Afacerilor Externe \u0219i Integr\u0103rii Europene. \u00cen cadrul \u00eentrevederii, p\u0103r\u021bile au discutat despre accederea mijloacelor de transport cu numere de&#8230;<\/p>\n","protected":false},"author":2,"featured_media":0,"comment_status":"closed","ping_status":"open","sticky":false,"template":"","format":"standard","meta":[],"categories":[1],"tags":[],"_links":{"self":[{"href":"https:\/\/centers.ulbsibiu.ro\/ccsprise\/lact\/wp-json\/wp\/v2\/posts\/5703"}],"collection":[{"href":"https:\/\/centers.ulbsibiu.ro\/ccsprise\/lact\/wp-json\/wp\/v2\/posts"}],"about":[{"href":"https:\/\/centers.ulbsibiu.ro\/ccsprise\/lact\/wp-json\/wp\/v2\/types\/post"}],"author":[{"embeddable":true,"href":"https:\/\/centers.ulbsibiu.ro\/ccsprise\/lact\/wp-json\/wp\/v2\/users\/2"}],"replies":[{"embeddable":true,"href":"https:\/\/centers.ulbsibiu.ro\/ccsprise\/lact\/wp-json\/wp\/v2\/comments?post=5703"}],"version-history":[{"count":1,"href":"https:\/\/centers.ulbsibiu.ro\/ccsprise\/lact\/wp-json\/wp\/v2\/posts\/5703\/revisions"}],"predecessor-version":[{"id":5704,"href":"https:\/\/centers.ulbsibiu.ro\/ccsprise\/lact\/wp-json\/wp\/v2\/posts\/5703\/revisions\/5704"}],"wp:attachment":[{"href":"https:\/\/centers.ulbsibiu.ro\/ccsprise\/lact\/wp-json\/wp\/v2\/media?parent=5703"}],"wp:term":[{"taxonomy":"category","embeddable":true,"href":"https:\/\/centers.ulbsibiu.ro\/ccsprise\/lact\/wp-json\/wp\/v2\/categories?post=5703"},{"taxonomy":"post_tag","embeddable":true,"href":"https:\/\/centers.ulbsibiu.ro\/ccsprise\/lact\/wp-json\/wp\/v2\/tags?post=5703"}],"curies":[{"name":"wp","href":"https:\/\/api.w.org\/{rel}","templated":true}]}}