{"id":5693,"date":"2018-12-10T17:20:31","date_gmt":"2018-12-10T15:20:31","guid":{"rendered":"https:\/\/centers.ulbsibiu.ro\/ccsprise\/lact\/?p=5693"},"modified":"2018-12-10T17:20:31","modified_gmt":"2018-12-10T15:20:31","slug":"infotag-md-tarile-participante-la-osce-spera-in-continuare-sa-gaseasca-o-solutie-atotcuprinzatoare-pentru-problema-transnistreana","status":"publish","type":"post","link":"https:\/\/centers.ulbsibiu.ro\/ccsprise\/lact\/infotag-md-tarile-participante-la-osce-spera-in-continuare-sa-gaseasca-o-solutie-atotcuprinzatoare-pentru-problema-transnistreana\/","title":{"rendered":"Infotag.md &#8211; \u0162\u0102RILE PARTICIPANTE LA OSCE SPER\u0102 \u00ceN CONTINUARE S\u0102 G\u0102SEASC\u0102 O SOLU\u0162IE ATOTCUPRINZ\u0102TOARE PENTRU PROBLEMA TRANSNISTREAN\u0102"},"content":{"rendered":"<p>\u0162\u0103rile participante la OSCE inten\u0163ioneaz\u0103 s\u0103 g\u0103seasc\u0103 \u201eo solu\u0163ie atotcuprinz\u0103toare, pa\u015fnic\u0103 \u015fi durabil\u0103 pentru problema transnistrean\u0103 cu respectarea suveranit\u0103\u0163ii \u015fi integrit\u0103\u0163ii teritoriale a Republicii Moldova \u00een hotarele recunoscute la nivel interna\u0163ional,cu acordarea unui statut special regiunii transnistrene, care s\u0103 garanteze respectarea drepturilor sociale, economice \u015fi politice inalienabile ale popula\u0163iei\u201d.<br \/>\nPotrivit agen\u0163iei INFOTAG, despre aceasta se arat\u0103 \u00een Declara\u0163ia privind procesul de reglementare a conflictului transnistrean \u00een formatul \u201e5+2\u201d, adoptat\u0103 \u00een cadrul celei de-a XXV-a reuniuni a Consiliului Ministerial al OSCE la Milano.<br \/>\nConsiliul Ministerial apreciaz\u0103 realiz\u0103rile majore ob\u021binute pe marginea unor subiecte ce figureaz\u0103 \u00een pachetul \u201cBerlin plus\u201d (apostila diplomelor, accesul la \u0219colile cu predare \u00een limba rom\u00e2n\u0103, accesul la terenurile agricole din raionul Dub\u0103sari, accesul la podul Gura B\u00e2cului-B\u00e2cioc, numerele neutre pentru autovehiculele din regiunea transnistrean\u0103), precum \u0219i progresul substan\u021bial marcat \u00een problema telecomunica\u021biilor.<br \/>\nDeclara\u0163ia \u00eendeamn\u0103 p\u0103r\u0163ile s\u0103 implementeze plenar \u00een\u021belegerile convenite, contribuind la avansarea procesului de reglementare \u015fi la interac\u021bionarea la toate nivelurile, cu ob\u021binerea unor progrese tangibile pe toate punctele agendei de negocieri.<br \/>\n\u00cen textul Declara\u021biei ministeriale este accentuat rolul important al Conferin\u021bei permanente pe probleme politice \u00een procesul de reglementare transnistrean\u0103 (formatul de negocieri \u201e5+2\u201d) pentru identificarea unei solu\u021bii viabile \u0219i sustenabile a conflictului, cu reiterarea necesit\u0103\u021bii ca p\u0103r\u021bile s\u0103 se orienteze spre rezultate concrete \u0219i s\u0103 conlucreze pe toate platformele de dialog existente \u0219i pe durata mandatului Pre\u0219edin\u021biei Slovaciei a OSCE care va fi exercitat\u0103 pe parcursul anului 2019.<br \/>\nTotodat\u0103, este apreciat angajamentul p\u0103r\u021bilor de a facilita rezolvarea unor probleme de durat\u0103. De asemenea, mediatorii \u0219i observatorii sunt \u00eencuraja\u021bi s\u0103 continue coordonarea eforturilor \u0219i s\u0103 fac\u0103 uz de toate instrumentele pentru avansarea procesului de reglementare.<\/p>\n<p>Sursa:\u00a0<a href=\"http:\/\/www.infotag.md\/rebelion-ro\/270214\/?fbclid=IwAR0SWbyeeMRAYgxMcBolKH-RrjMCsvzhXaApYIaPQXcKL5Ag0bXCOydWdlY\">http:\/\/www.infotag.md\/<\/a><\/p>\n","protected":false},"excerpt":{"rendered":"<p>\u0162\u0103rile participante la OSCE inten\u0163ioneaz\u0103 s\u0103 g\u0103seasc\u0103 \u201eo solu\u0163ie atotcuprinz\u0103toare, pa\u015fnic\u0103 \u015fi durabil\u0103 pentru problema transnistrean\u0103 cu respectarea suveranit\u0103\u0163ii \u015fi integrit\u0103\u0163ii teritoriale a Republicii Moldova \u00een hotarele recunoscute la nivel interna\u0163ional,cu acordarea unui statut special regiunii transnistrene, care s\u0103 garanteze respectarea drepturilor sociale, economice \u015fi politice inalienabile ale popula\u0163iei\u201d. Potrivit agen\u0163iei INFOTAG, despre aceasta se&#8230;<\/p>\n","protected":false},"author":2,"featured_media":0,"comment_status":"closed","ping_status":"open","sticky":false,"template":"","format":"standard","meta":[],"categories":[1],"tags":[],"_links":{"self":[{"href":"https:\/\/centers.ulbsibiu.ro\/ccsprise\/lact\/wp-json\/wp\/v2\/posts\/5693"}],"collection":[{"href":"https:\/\/centers.ulbsibiu.ro\/ccsprise\/lact\/wp-json\/wp\/v2\/posts"}],"about":[{"href":"https:\/\/centers.ulbsibiu.ro\/ccsprise\/lact\/wp-json\/wp\/v2\/types\/post"}],"author":[{"embeddable":true,"href":"https:\/\/centers.ulbsibiu.ro\/ccsprise\/lact\/wp-json\/wp\/v2\/users\/2"}],"replies":[{"embeddable":true,"href":"https:\/\/centers.ulbsibiu.ro\/ccsprise\/lact\/wp-json\/wp\/v2\/comments?post=5693"}],"version-history":[{"count":1,"href":"https:\/\/centers.ulbsibiu.ro\/ccsprise\/lact\/wp-json\/wp\/v2\/posts\/5693\/revisions"}],"predecessor-version":[{"id":5694,"href":"https:\/\/centers.ulbsibiu.ro\/ccsprise\/lact\/wp-json\/wp\/v2\/posts\/5693\/revisions\/5694"}],"wp:attachment":[{"href":"https:\/\/centers.ulbsibiu.ro\/ccsprise\/lact\/wp-json\/wp\/v2\/media?parent=5693"}],"wp:term":[{"taxonomy":"category","embeddable":true,"href":"https:\/\/centers.ulbsibiu.ro\/ccsprise\/lact\/wp-json\/wp\/v2\/categories?post=5693"},{"taxonomy":"post_tag","embeddable":true,"href":"https:\/\/centers.ulbsibiu.ro\/ccsprise\/lact\/wp-json\/wp\/v2\/tags?post=5693"}],"curies":[{"name":"wp","href":"https:\/\/api.w.org\/{rel}","templated":true}]}}