{"id":5691,"date":"2018-12-09T21:18:52","date_gmt":"2018-12-09T19:18:52","guid":{"rendered":"https:\/\/centers.ulbsibiu.ro\/ccsprise\/lact\/?p=5691"},"modified":"2018-12-09T21:18:52","modified_gmt":"2018-12-09T19:18:52","slug":"sputnik-md-lavrov-declaratia-privind-transnistria-nu-este-un-progres-dar-este-o-etapa-importanta","status":"publish","type":"post","link":"https:\/\/centers.ulbsibiu.ro\/ccsprise\/lact\/sputnik-md-lavrov-declaratia-privind-transnistria-nu-este-un-progres-dar-este-o-etapa-importanta\/","title":{"rendered":"Sputnik.md &#8211; Lavrov: Declara\u021bia privind Transnistria nu este un progres, dar este o etap\u0103 important\u0103"},"content":{"rendered":"<p><strong>CHI\u0218IN\u0102U, 7 dec \u2013 Sputnik.<\/strong> Declara\u021bia adoptat\u0103 la Consiliul mini\u0219trilor de Externe OSCE privind reglementarea conflictului transnistrean nu reprezint\u0103 un progres evident, \u00eens\u0103 constat\u0103 o disponibilitate de a continua identificarea unor c\u0103i de solu\u021bionare a acestuia, a declarat Serghei Lavrov, ministrul de Externe al Federa\u021biei Ruse, informeaz\u0103 <a href=\"https:\/\/ria.ru\/\" target=\"_blank\" rel=\"noopener\">RIA Novosti<\/a>.<\/p>\n<p class=\"marker-quote1\">\u201eA fost adoptat\u0103 declara\u021bia privind reglementarea diferendului transnistrean. Aceasta nu prezint\u0103 un progres evident, \u00eens\u0103 constat\u0103 cel pu\u021bin o disponibilitate a tuturor participan\u021bilor \u00een procesul \u201e5+2\u201d de a continua s\u0103 lucreze \u00een acest format\u201d, a declarat Lavrov la conferin\u021ba de pres\u0103 privind rezultatele \u0219edin\u021bei Consiliului Mini\u0219trilor Afacerilor Externe ai Statelor OSCE de la Milano.<\/p>\n<p>Textul complet:\u00a0<a href=\"https:\/\/sputnik.md\/politics\/20181207\/23471079\/Lavrov-Declaraia-Transnistria-etapa-importanta.html?fbclid=IwAR34DA-p6hP6cNlDW7LhQccgdM_i42WD-uRhWn8_JaFt8AKW9G9LZXb02TU\">https:\/\/sputnik.md\/<\/a><\/p>\n<p>&nbsp;<\/p>\n","protected":false},"excerpt":{"rendered":"<p>CHI\u0218IN\u0102U, 7 dec \u2013 Sputnik. Declara\u021bia adoptat\u0103 la Consiliul mini\u0219trilor de Externe OSCE privind reglementarea conflictului transnistrean nu reprezint\u0103 un progres evident, \u00eens\u0103 constat\u0103 o disponibilitate de a continua identificarea unor c\u0103i de solu\u021bionare a acestuia, a declarat Serghei Lavrov, ministrul de Externe al Federa\u021biei Ruse, informeaz\u0103 RIA Novosti. \u201eA fost adoptat\u0103 declara\u021bia privind reglementarea&#8230;<\/p>\n","protected":false},"author":2,"featured_media":0,"comment_status":"closed","ping_status":"open","sticky":false,"template":"","format":"standard","meta":[],"categories":[1],"tags":[],"_links":{"self":[{"href":"https:\/\/centers.ulbsibiu.ro\/ccsprise\/lact\/wp-json\/wp\/v2\/posts\/5691"}],"collection":[{"href":"https:\/\/centers.ulbsibiu.ro\/ccsprise\/lact\/wp-json\/wp\/v2\/posts"}],"about":[{"href":"https:\/\/centers.ulbsibiu.ro\/ccsprise\/lact\/wp-json\/wp\/v2\/types\/post"}],"author":[{"embeddable":true,"href":"https:\/\/centers.ulbsibiu.ro\/ccsprise\/lact\/wp-json\/wp\/v2\/users\/2"}],"replies":[{"embeddable":true,"href":"https:\/\/centers.ulbsibiu.ro\/ccsprise\/lact\/wp-json\/wp\/v2\/comments?post=5691"}],"version-history":[{"count":1,"href":"https:\/\/centers.ulbsibiu.ro\/ccsprise\/lact\/wp-json\/wp\/v2\/posts\/5691\/revisions"}],"predecessor-version":[{"id":5692,"href":"https:\/\/centers.ulbsibiu.ro\/ccsprise\/lact\/wp-json\/wp\/v2\/posts\/5691\/revisions\/5692"}],"wp:attachment":[{"href":"https:\/\/centers.ulbsibiu.ro\/ccsprise\/lact\/wp-json\/wp\/v2\/media?parent=5691"}],"wp:term":[{"taxonomy":"category","embeddable":true,"href":"https:\/\/centers.ulbsibiu.ro\/ccsprise\/lact\/wp-json\/wp\/v2\/categories?post=5691"},{"taxonomy":"post_tag","embeddable":true,"href":"https:\/\/centers.ulbsibiu.ro\/ccsprise\/lact\/wp-json\/wp\/v2\/tags?post=5691"}],"curies":[{"name":"wp","href":"https:\/\/api.w.org\/{rel}","templated":true}]}}